{"id":16262,"date":"2024-08-14T17:22:33","date_gmt":"2024-08-14T23:22:33","guid":{"rendered":"https:\/\/fge.oaxaca.gob.mx\/?post_type=noticias&amp;p=7037"},"modified":"2024-08-14T17:22:33","modified_gmt":"2024-08-14T23:22:33","slug":"boletin-903-condena-fgeo-determinacion-de-juez-en-caso-maria-elena-apelara-sentencia-absolutoria","status":"publish","type":"noticias","link":"https:\/\/portal.fgeo.gob.mx\/index.php\/archivos\/noticias\/boletin-903-condena-fgeo-determinacion-de-juez-en-caso-maria-elena-apelara-sentencia-absolutoria","title":{"rendered":"BOLET\u00cdN 903.- Condena FGEO determinaci\u00f3n de Juez en caso Mar\u00eda Elena; apelar\u00e1 sentencia absolutoria"},"content":{"rendered":"<p>Oaxaca de Ju\u00e1rez, Oax. 14 agosto de 2024.- La Fiscal\u00eda General del Estado de Oaxaca condena la determinaci\u00f3n del juez Jos\u00e9 Gabriel Ram\u00edrez Monta\u00f1o, mediante la cual, Juan Antonio V.C., Rubicel H.R. y Rub\u00e9n L.C., fueron absueltos del delito de feminicidio en grado de tentativa, contra Mar\u00eda Elena R.O., ocurrido el pasado 9 de septiembre de 2019; sentencia por la que se interpondr\u00e1 los recursos legales necesarios para revertirla.<\/p>\n<p>&nbsp;<\/p>\n<p>Para la FGEO, el fallo absolutorio dictado por el Tribunal de Enjuiciamiento del Tribunal Superior de Justicia de Oaxaca, es insuficiente y vejatorio a los derechos de la v\u00edctima, toda vez que la Ministerio P\u00fablico de la Fiscal\u00eda Especializada para la Atenci\u00f3n a Delitos contra la Mujer por Raz\u00f3n de G\u00e9nero a cargo del caso, aport\u00f3 todas las pruebas necesarias respecto a la participaci\u00f3n \u2013en distintas formas\u2014de las personas indiciadas en el ataque con \u00e1cido contra la v\u00edctima.<\/p>\n<p>&nbsp;<\/p>\n<p>La instituci\u00f3n llev\u00f3 a cabo un proceso de investigaci\u00f3n apegado a t\u00e9cnicas cient\u00edficas, lo que permiti\u00f3 sustentar con documentaci\u00f3n, el tipo de relaci\u00f3n y complicidad de los actores, las cuales fueron desestimadas ileg\u00edtimamente por el juez Jos\u00e9 Gabriel Ram\u00edrez Monta\u00f1o.<\/p>\n<p>&nbsp;<\/p>\n<p>La Fiscal\u00eda de Oaxaca tambi\u00e9n recurri\u00f3 a tecnolog\u00edas de inteligencia criminal, tales como el an\u00e1lisis de las s\u00e1banas de llamadas, que permiti\u00f3 establecer que la llamada hecha por los autores materiales a la v\u00edctima, se realiz\u00f3 desde el tel\u00e9fono de Rub\u00e9n L. C., a trav\u00e9s de la cual se pact\u00f3 una cita con Ponciano H. Y. (fallecido) y Rubicel H. R., supuestamente para solicitar un servicio profesional, pero ocuparon ese pretexto para agredir a Mar\u00eda Elena R. O., pues adem\u00e1s fueron captados en video al momento de ingresar y de salir del domicilio de la v\u00edctima, el 9 de septiembre de 2019, justo cuando ocurri\u00f3 el ataque con \u00e1cido sulf\u00farico.<\/p>\n<p>&nbsp;<\/p>\n<p>Asimismo, se logr\u00f3 establecer que existieron llamadas telef\u00f3nicas y reuniones entre Rub\u00e9n L. C. y Juan Antonio V. C., en lo que se llama \u201cmomento cr\u00edtico\u201d, comprendido entre el 6 y el 9 de septiembre de 2019, periodo en el que se planea y ejecuta la agresi\u00f3n en agravio de Mar\u00eda Elena R. O.<\/p>\n<p>&nbsp;<\/p>\n<p>No obstante de las pruebas presentadas, las declaraciones, los cientos de fojas de investigaci\u00f3n que integraron la carpeta, el juez Jos\u00e9 Gabriel Ram\u00edrez Monta\u00f1o, emiti\u00f3 una sentencia absolutoria contra los acusados, lo que deja en evidencia que el proceso legal careci\u00f3 de perspectiva de g\u00e9nero por parte del Tribunal de Enjuiciamiento, pues incluso, se desestimaron pruebas m\u00e9dicas certificadas que demuestran que la vida de la v\u00edctima estuvo en riesgo por las heridas ocasionadas por la abrasi\u00f3n sufrida por el \u00e1cido sulf\u00farico.<\/p>\n<p>&nbsp;<\/p>\n<p>Por lo anterior, la Fiscal\u00eda General del Estado de Oaxaca presentar\u00e1 un recurso de apelaci\u00f3n en contra de la determinaci\u00f3n del juez del Tribunal de Enjuiciamiento, Jos\u00e9 Gabriel Ram\u00edrez Monta\u00f1o, para buscar las v\u00edas legales por las cuales, la v\u00edctima tenga acceso pleno a la justicia y la reparaci\u00f3n del da\u00f1o, toda vez que la FGEO ha brindado y continuar\u00e1 otorgando acompa\u00f1amiento integral a Mar\u00eda Elena R. O.<\/p>\n<p>&nbsp;<\/p>\n<p>La FGEO se\u00f1ala que la determinaci\u00f3n del Juez sienta un precedente de impunidad en la entidad, en el caso de Mar\u00eda Elena R.O., as\u00ed como de todos los casos de violencia contra las mujeres y reitera que el acceso a la justicia, verdad y reparaci\u00f3n es un derecho de las v\u00edctimas, por ello, el trabajo que realiza la Fiscal\u00eda de Oaxaca est\u00e1 apegado a derecho y bajo est\u00e1ndares nacionales e internacionales de investigaci\u00f3n.<\/p>\n","protected":false},"author":2,"featured_media":6963,"comment_status":"closed","ping_status":"closed","template":"","tags":[],"categoria_noticias":[],"class_list":["post-16262","noticias","type-noticias","status-publish","has-post-thumbnail","hentry"],"acf":[],"mb":[],"mfb_rest_fields":["title","gutenberg_elementor_mode"],"_links":{"self":[{"href":"https:\/\/portal.fgeo.gob.mx\/index.php\/wp-json\/wp\/v2\/noticias\/16262","targetHints":{"allow":["GET"]}}],"collection":[{"href":"https:\/\/portal.fgeo.gob.mx\/index.php\/wp-json\/wp\/v2\/noticias"}],"about":[{"href":"https:\/\/portal.fgeo.gob.mx\/index.php\/wp-json\/wp\/v2\/types\/noticias"}],"author":[{"embeddable":true,"href":"https:\/\/portal.fgeo.gob.mx\/index.php\/wp-json\/wp\/v2\/users\/2"}],"replies":[{"embeddable":true,"href":"https:\/\/portal.fgeo.gob.mx\/index.php\/wp-json\/wp\/v2\/comments?post=16262"}],"wp:featuredmedia":[{"embeddable":true,"href":"https:\/\/portal.fgeo.gob.mx\/index.php\/wp-json\/wp\/v2\/media\/6963"}],"wp:attachment":[{"href":"https:\/\/portal.fgeo.gob.mx\/index.php\/wp-json\/wp\/v2\/media?parent=16262"}],"wp:term":[{"taxonomy":"post_tag","embeddable":true,"href":"https:\/\/portal.fgeo.gob.mx\/index.php\/wp-json\/wp\/v2\/tags?post=16262"},{"taxonomy":"categoria_noticias","embeddable":true,"href":"https:\/\/portal.fgeo.gob.mx\/index.php\/wp-json\/wp\/v2\/categoria_noticias?post=16262"}],"curies":[{"name":"wp","href":"https:\/\/api.w.org\/{rel}","templated":true}]}}