{"id":16261,"date":"2024-08-14T11:04:17","date_gmt":"2024-08-14T17:04:17","guid":{"rendered":"https:\/\/fge.oaxaca.gob.mx\/?post_type=noticias&amp;p=7035"},"modified":"2024-08-14T11:04:17","modified_gmt":"2024-08-14T17:04:17","slug":"boletin-902-obtiene-fgeo-vinculacion-a-proceso-contra-imputado-por-robo-con-violencia-cometido-en-el-ayuntamiento-de-san-mateo-pinas-en-la-region-de-la-costa","status":"publish","type":"noticias","link":"https:\/\/portal.fgeo.gob.mx\/index.php\/archivos\/noticias\/boletin-902-obtiene-fgeo-vinculacion-a-proceso-contra-imputado-por-robo-con-violencia-cometido-en-el-ayuntamiento-de-san-mateo-pinas-en-la-region-de-la-costa","title":{"rendered":"BOLET\u00cdN 902.- Obtiene FGEO vinculaci\u00f3n a proceso contra imputado por robo con violencia cometido en el Ayuntamiento de San Mateo Pi\u00f1as en la regi\u00f3n de la Costa"},"content":{"rendered":"<p>Oaxaca de Ju\u00e1rez, Oax. 14 agosto de 2024.- Como parte de las labores de investigaci\u00f3n ministerial para fortalecer los trabajos de procuraci\u00f3n de justicia, la Fiscal\u00eda General del Estado de Oaxaca (FGEO), obtuvo auto de vinculaci\u00f3n a proceso en contra de una persona del sexo masculino identificada como A.S.G. o A.E.S.G., por el delito de Robo Calificado con Violencia a las Cosas, cometido en perjuicio patrimonial del Ayuntamiento de San Mateo Pi\u00f1as, municipio de la regi\u00f3n de la Costa.<\/p>\n<p>De acuerdo con la denuncia interpuesta asentada en el expediente penal, los hechos ocurrieron el 25 de marzo de 2024, fecha en que notificaron un asalto a la tesorer\u00eda municipal de San Mateo Pi\u00f1as, de donde sustrajeron dinero en efectivo, as\u00ed como otros objetos.<\/p>\n<p>Una vez formalizada la denuncia por la presidenta municipal de San Mateo Pi\u00f1as, la Fiscal\u00eda General de Oaxaca inici\u00f3 las investigaciones correspondientes a trav\u00e9s de la Vicefiscal\u00eda Regional de la Costa, logrando obtener una orden de aprehensi\u00f3n contra A.S.G. o A.E.S.G., quien fue detenido y posteriormente presentado ante la autoridad judicial.<\/p>\n<p>En audiencia, el Juez que atiende la causa valor\u00f3 las pruebas aportadas por la FGEO, y dict\u00f3 vinculaci\u00f3n a proceso contra A.S.G. o A.E.S.G., por el delito de Robo Calificado con Violencia a las Cosas en impuso la medida cautelar de prisi\u00f3n preventiva justificada, concediendo un plazo de dos meses para el cierre de investigaci\u00f3n complementaria.<\/p>\n<p>En delitos de alto impacto, la Fiscal\u00eda General de Oaxaca realiza investigaciones exhaustivas para dar con quien o quienes resulten responsables, llev\u00e1ndolos ante la justicia y aplicando todo el rigor de la Ley.<\/p>\n<p>&nbsp;<\/p>\n<figure id=\"attachment_7036\" aria-describedby=\"caption-attachment-7036\" style=\"width: 279px\" class=\"wp-caption alignnone\"><img fetchpriority=\"high\" decoding=\"async\" class=\"size-full wp-image-7036\" src=\"https:\/\/portal.fgeo.gob.mx\/wp-content\/uploads\/2024\/08\/FOTO-992.jpg\" alt=\"\" width=\"279\" height=\"274\" \/><figcaption id=\"caption-attachment-7036\" class=\"wp-caption-text\">Dise\u00f1o sin t\u00edtulo &#8211; 1<\/figcaption><\/figure>\n<p>&nbsp;<\/p>\n","protected":false},"author":2,"featured_media":6963,"comment_status":"closed","ping_status":"closed","template":"","tags":[],"categoria_noticias":[],"class_list":["post-16261","noticias","type-noticias","status-publish","has-post-thumbnail","hentry"],"acf":[],"mb":[],"mfb_rest_fields":["title","gutenberg_elementor_mode"],"_links":{"self":[{"href":"https:\/\/portal.fgeo.gob.mx\/index.php\/wp-json\/wp\/v2\/noticias\/16261","targetHints":{"allow":["GET"]}}],"collection":[{"href":"https:\/\/portal.fgeo.gob.mx\/index.php\/wp-json\/wp\/v2\/noticias"}],"about":[{"href":"https:\/\/portal.fgeo.gob.mx\/index.php\/wp-json\/wp\/v2\/types\/noticias"}],"author":[{"embeddable":true,"href":"https:\/\/portal.fgeo.gob.mx\/index.php\/wp-json\/wp\/v2\/users\/2"}],"replies":[{"embeddable":true,"href":"https:\/\/portal.fgeo.gob.mx\/index.php\/wp-json\/wp\/v2\/comments?post=16261"}],"wp:featuredmedia":[{"embeddable":true,"href":"https:\/\/portal.fgeo.gob.mx\/index.php\/wp-json\/wp\/v2\/media\/6963"}],"wp:attachment":[{"href":"https:\/\/portal.fgeo.gob.mx\/index.php\/wp-json\/wp\/v2\/media?parent=16261"}],"wp:term":[{"taxonomy":"post_tag","embeddable":true,"href":"https:\/\/portal.fgeo.gob.mx\/index.php\/wp-json\/wp\/v2\/tags?post=16261"},{"taxonomy":"categoria_noticias","embeddable":true,"href":"https:\/\/portal.fgeo.gob.mx\/index.php\/wp-json\/wp\/v2\/categoria_noticias?post=16261"}],"curies":[{"name":"wp","href":"https:\/\/api.w.org\/{rel}","templated":true}]}}