{"id":16259,"date":"2024-08-13T11:08:37","date_gmt":"2024-08-13T17:08:37","guid":{"rendered":"https:\/\/fge.oaxaca.gob.mx\/?post_type=noticias&amp;p=7032"},"modified":"2024-08-13T11:08:37","modified_gmt":"2024-08-13T17:08:37","slug":"boletin-899-fgeo-aprehende-y-obtiene-prision-preventiva-contra-imputado-por-robo-a-casa-habitacion-ocurrido-en-santa-maria-atzompa","status":"publish","type":"noticias","link":"https:\/\/portal.fgeo.gob.mx\/index.php\/archivos\/noticias\/boletin-899-fgeo-aprehende-y-obtiene-prision-preventiva-contra-imputado-por-robo-a-casa-habitacion-ocurrido-en-santa-maria-atzompa","title":{"rendered":"BOLET\u00cdN 899.- FGEO aprehende y obtiene prisi\u00f3n preventiva contra imputado por Robo a Casa Habitaci\u00f3n ocurrido en Santa Mar\u00eda Atzompa"},"content":{"rendered":"<p>Oaxaca de Ju\u00e1rez, Oax. 13 agosto de 2024.- La Fiscal\u00eda General del Estado de Oaxaca (FGEO) logr\u00f3 la aprehensi\u00f3n y prisi\u00f3n preventiva en contra de M.A.V.G., imputado por el delito de Robo a Casa Habitaci\u00f3n con Violencia cometida en agravio de V.D.D.M y M.B.M.R., ocurrido en Santa Mar\u00eda Atzompa, en la regi\u00f3n de los Valles Centrales.<\/p>\n<p>De acuerdo a la causa penal, los hechos ocurrieron el 19 de enero de 2024, cuando un grupo de personas ingresaron ilegalmente a una vivienda ubicada en la colonia Ejido de Santa Mar\u00eda Atzompa, municipio conurbano de la ciudad de Oaxaca, lugar donde sustrajeron joyas y veh\u00edculos de motor.<\/p>\n<p>Una vez que la Fiscal\u00eda de Oaxaca tom\u00f3 conocimiento del caso, inici\u00f3 las investigaciones a trav\u00e9s de la Vicefiscal\u00eda de Valles Centrales, logrando obtener una orden de aprehensi\u00f3n contra el imputado, mismo que fue presentado ante el juzgado correspondiente.<\/p>\n<p>En tanto, en el desahogo de audiencia inicial, el Juez de control calific\u00f3 como legal la detenci\u00f3n de M.A.V.G., adem\u00e1s de que se le comunic\u00f3 la imputaci\u00f3n y se le impuso la medida cautelar de prisi\u00f3n preventiva de manera provisional a espera de la resoluci\u00f3n del caso, luego de solicitar auto de vinculaci\u00f3n a proceso.<\/p>\n<p>M.A.V.G fue aprehendido el 29 de julio de 2024 por elementos de la Agencia Estatal de Investigaciones (AEI) pertenecientes a la FGEO, en inmediaciones de un centro comercial ubicado en carretera a Santa Mar\u00eda Atzompa.<\/p>\n<p>El empleo de protocolos y la aplicaci\u00f3n de t\u00e9cnicas cient\u00edficas en las investigaciones de cr\u00edmenes, permiten a la Fiscal\u00eda de Oaxaca tener certeza en los trabajos de procuraci\u00f3n de justicia en el estado.<\/p>\n<p>&nbsp;<\/p>\n","protected":false},"author":2,"featured_media":6963,"comment_status":"closed","ping_status":"closed","template":"","tags":[],"categoria_noticias":[],"class_list":["post-16259","noticias","type-noticias","status-publish","has-post-thumbnail","hentry"],"acf":[],"mb":[],"mfb_rest_fields":["title","gutenberg_elementor_mode"],"_links":{"self":[{"href":"https:\/\/portal.fgeo.gob.mx\/index.php\/wp-json\/wp\/v2\/noticias\/16259","targetHints":{"allow":["GET"]}}],"collection":[{"href":"https:\/\/portal.fgeo.gob.mx\/index.php\/wp-json\/wp\/v2\/noticias"}],"about":[{"href":"https:\/\/portal.fgeo.gob.mx\/index.php\/wp-json\/wp\/v2\/types\/noticias"}],"author":[{"embeddable":true,"href":"https:\/\/portal.fgeo.gob.mx\/index.php\/wp-json\/wp\/v2\/users\/2"}],"replies":[{"embeddable":true,"href":"https:\/\/portal.fgeo.gob.mx\/index.php\/wp-json\/wp\/v2\/comments?post=16259"}],"wp:featuredmedia":[{"embeddable":true,"href":"https:\/\/portal.fgeo.gob.mx\/index.php\/wp-json\/wp\/v2\/media\/6963"}],"wp:attachment":[{"href":"https:\/\/portal.fgeo.gob.mx\/index.php\/wp-json\/wp\/v2\/media?parent=16259"}],"wp:term":[{"taxonomy":"post_tag","embeddable":true,"href":"https:\/\/portal.fgeo.gob.mx\/index.php\/wp-json\/wp\/v2\/tags?post=16259"},{"taxonomy":"categoria_noticias","embeddable":true,"href":"https:\/\/portal.fgeo.gob.mx\/index.php\/wp-json\/wp\/v2\/categoria_noticias?post=16259"}],"curies":[{"name":"wp","href":"https:\/\/api.w.org\/{rel}","templated":true}]}}