{"id":16258,"date":"2024-08-12T13:00:25","date_gmt":"2024-08-12T19:00:25","guid":{"rendered":"https:\/\/fge.oaxaca.gob.mx\/?post_type=noticias&amp;p=7028"},"modified":"2024-08-12T13:00:25","modified_gmt":"2024-08-12T19:00:25","slug":"boletin-989-fiscalia-de-oaxaca-logra-vinculacion-a-proceso-por-el-delito-de-homicidio-intencional-cometido-en-la-region-de-la-costa","status":"publish","type":"noticias","link":"https:\/\/portal.fgeo.gob.mx\/index.php\/archivos\/noticias\/boletin-989-fiscalia-de-oaxaca-logra-vinculacion-a-proceso-por-el-delito-de-homicidio-intencional-cometido-en-la-region-de-la-costa","title":{"rendered":"BOLET\u00cdN 898.- Fiscal\u00eda de Oaxaca logra vinculaci\u00f3n a proceso por el delito de homicidio intencional cometido en la regi\u00f3n de la Costa"},"content":{"rendered":"<p>Oaxaca de Ju\u00e1rez, Oax. 12 agosto de 2024.- La Fiscal\u00eda General del Estado de Oaxaca (FGEO) obtuvo auto de vinculaci\u00f3n a proceso y prisi\u00f3n en contra de una persona del sexo masculino identificada como J.C.M., por el delito de Homicidio Simple Intencional, cometido en agravio de J.S.R., en hechos ocurridos en la regi\u00f3n de la Costa.<\/p>\n<p>De acuerdo con lo establecido en el expediente penal del caso, los hechos ocurrieron el 13 de julio de 2024, frente a un centro comercial ubicado en la colonia Aeropuerto, perteneciente al municipio de San Pedro Mixtepec, lugar a donde atacaron a la v\u00edctima con un cuchillo, infligiendo lesiones en diferentes partes del cuerpo que le ocasionaron la muerte.<\/p>\n<p>Al tener conocimiento de los hechos, la FGEO inici\u00f3 las investigaciones a trav\u00e9s de la Vicefiscal\u00eda Regional de la Costa que reuni\u00f3 las pruebas suficientes que permitieron obtener una orden de aprehensi\u00f3n en contra del imputado.<\/p>\n<p>Una vez que los elementos de la Agencia Estatal de Investigaciones (AEI) lograron localizar y detener a J.C.M., fue llevado ante el juzgado correspondiente que lo requiri\u00f3.<\/p>\n<p>Tras valorar las pruebas presentadas por la FGEO, el Juez determin\u00f3 vincular a proceso a J.C.M e impuso la medida cautelar de prisi\u00f3n preventiva justificada, por el delito de Homicidio Simple Intencional, concediendo un plazo de dos meses para el cierre de investigaci\u00f3n complementaria.<\/p>\n<p><img fetchpriority=\"high\" decoding=\"async\" class=\"alignnone size-medium wp-image-7029\" src=\"https:\/\/portal.fgeo.gob.mx\/wp-content\/uploads\/2024\/08\/F-9-J.C.M-225x300.jpg\" alt=\"\" width=\"225\" height=\"300\" \/><\/p>\n<p>En delitos de alto impacto, la Fiscal\u00eda General de Oaxaca, realiza investigaciones exhaustivas para dar con quien o quienes resulten responsables, present\u00e1ndolos ante la justicia y aplicando todo el rigor de la Ley.<\/p>\n<p>&nbsp;<\/p>\n","protected":false},"author":2,"featured_media":6963,"comment_status":"closed","ping_status":"closed","template":"","tags":[],"categoria_noticias":[],"class_list":["post-16258","noticias","type-noticias","status-publish","has-post-thumbnail","hentry"],"acf":[],"mb":[],"mfb_rest_fields":["title","gutenberg_elementor_mode"],"_links":{"self":[{"href":"https:\/\/portal.fgeo.gob.mx\/index.php\/wp-json\/wp\/v2\/noticias\/16258","targetHints":{"allow":["GET"]}}],"collection":[{"href":"https:\/\/portal.fgeo.gob.mx\/index.php\/wp-json\/wp\/v2\/noticias"}],"about":[{"href":"https:\/\/portal.fgeo.gob.mx\/index.php\/wp-json\/wp\/v2\/types\/noticias"}],"author":[{"embeddable":true,"href":"https:\/\/portal.fgeo.gob.mx\/index.php\/wp-json\/wp\/v2\/users\/2"}],"replies":[{"embeddable":true,"href":"https:\/\/portal.fgeo.gob.mx\/index.php\/wp-json\/wp\/v2\/comments?post=16258"}],"wp:featuredmedia":[{"embeddable":true,"href":"https:\/\/portal.fgeo.gob.mx\/index.php\/wp-json\/wp\/v2\/media\/6963"}],"wp:attachment":[{"href":"https:\/\/portal.fgeo.gob.mx\/index.php\/wp-json\/wp\/v2\/media?parent=16258"}],"wp:term":[{"taxonomy":"post_tag","embeddable":true,"href":"https:\/\/portal.fgeo.gob.mx\/index.php\/wp-json\/wp\/v2\/tags?post=16258"},{"taxonomy":"categoria_noticias","embeddable":true,"href":"https:\/\/portal.fgeo.gob.mx\/index.php\/wp-json\/wp\/v2\/categoria_noticias?post=16258"}],"curies":[{"name":"wp","href":"https:\/\/api.w.org\/{rel}","templated":true}]}}