{"id":16253,"date":"2024-08-08T14:26:02","date_gmt":"2024-08-08T20:26:02","guid":{"rendered":"https:\/\/fge.oaxaca.gob.mx\/?post_type=noticias&amp;p=6971"},"modified":"2024-08-08T14:26:02","modified_gmt":"2024-08-08T20:26:02","slug":"boletin-893-fgeo-lleva-a-la-sierra-norte-el-programa-de-proximidad-social-fiscalia-en-tu-comunidad-para-atender-necesidades-en-procuracion-de-justicia-de-ixtlan-de-juarez","status":"publish","type":"noticias","link":"https:\/\/portal.fgeo.gob.mx\/index.php\/archivos\/noticias\/boletin-893-fgeo-lleva-a-la-sierra-norte-el-programa-de-proximidad-social-fiscalia-en-tu-comunidad-para-atender-necesidades-en-procuracion-de-justicia-de-ixtlan-de-juarez","title":{"rendered":"BOLET\u00cdN 893 &#8211; FGEO lleva a la Sierra Norte el programa de proximidad social \u201cFiscal\u00eda en tu Comunidad\u201d, para atender necesidades en procuraci\u00f3n de justicia de Ixtl\u00e1n de Ju\u00e1rez"},"content":{"rendered":"<p style=\"font-weight: 400\"><strong>Oaxaca de Ju\u00e1rez, Oax. 8 agosto de 2024.-<\/strong>\u00a0Durante el arranque de actividades del programa \u201cFiscal\u00eda en tu Comunidad\u201d que se realiz\u00f3 en Ixtl\u00e1n de Ju\u00e1rez, en la regi\u00f3n de la Sierra Norte, el Fiscal General del Estado de Oaxaca, Bernardo Rodr\u00edguez Alamilla, dijo que la instituci\u00f3n procuradora de justicia tiene especial inter\u00e9s en atender en forma espec\u00edfica e integral los delitos que m\u00e1s preocupan a las comunidades con el objetivo de disminuir la incidencia delictiva, por ello, es necesario el acercamiento con la gente.<\/p>\n<p style=\"font-weight: 400\"><img decoding=\"async\" class=\"alignnone size-medium wp-image-6972\" src=\"https:\/\/portal.fgeo.gob.mx\/wp-content\/uploads\/2024\/08\/BOLET%C3%8DN-893-FGEO-lleva-a-la-Sierra-Norte-el-programa-de-proximidad-social-%E2%80%9CFiscal%C3%ADa-en-tu-Comunidad%E2%80%9D-para-atender-necesidades-en-procuraci%C3%B3n-de-justicia-de-Ixtl%C3%A1n-de-Ju%C3%A1rez1-300x160.jpeg\" alt=\"\" width=\"300\" height=\"160\" \/><img fetchpriority=\"high\" decoding=\"async\" class=\"alignnone size-medium wp-image-6973\" src=\"https:\/\/portal.fgeo.gob.mx\/wp-content\/uploads\/2024\/08\/BOLET%C3%8DN-893-FGEO-lleva-a-la-Sierra-Norte-el-programa-de-proximidad-social-%E2%80%9CFiscal%C3%ADa-en-tu-Comunidad%E2%80%9D-para-atender-necesidades-en-procuraci%C3%B3n-de-justicia-de-Ixtl%C3%A1n-de-Ju%C3%A1rez6-300x200.jpeg\" alt=\"\" width=\"300\" height=\"200\" \/><\/p>\n<p style=\"font-weight: 400\">Ante la presencia del presidente municipal de Ixtl\u00e1n de Ju\u00e1rez, Juan Jos\u00e9 Ruiz Pacheco;\u00a0 el s\u00edndico municipal, Jos\u00e9 Laureano Aquino Mat\u00edas; la regidora de Educaci\u00f3n, Natalia Hern\u00e1ndez Hern\u00e1ndez; la regidora de Salud, Alma Liviet Santiago Jim\u00e9nez;\u00a0 el s\u00edndico municipal de Sant Ana Yareni, Melit\u00f3n Alberto Ch\u00e1vez Ruiz\u00a0 y otros integrantes del ayuntamiento de esa comunidad; el Fiscal General, Bernardo Rodr\u00edguez puntualiz\u00f3 que, entre los objetivos prioritarios de la Fiscal\u00eda de Oaxaca, est\u00e1 establecer una relaci\u00f3n de colaboraci\u00f3n continua con las autoridades municipales, pues este es el mecanismo por medio del cual se podr\u00e1 atender en forma m\u00e1s efectiva el fen\u00f3meno delictivo que afecta a las poblaciones.<\/p>\n<p style=\"font-weight: 400\">Adem\u00e1s, explic\u00f3 que la Sierra Ju\u00e1rez est\u00e1 entre las coordinaciones de seguridad con menor incidencia delictiva del pa\u00eds, sin embargo, hay ciertos delitos que son una preocupaci\u00f3n para las autoridades municipales, tal como la violencia familiar, debido a su alta incidencia, pero por las particularidades de este delito se requiere de una intervenci\u00f3n especializada e integral, y para lograrlo es necesario que la Fiscal\u00eda de Oaxaca colabore con las autoridades municipales.<\/p>\n<p style=\"font-weight: 400\">\u00a0<img decoding=\"async\" class=\"alignnone size-medium wp-image-6974\" src=\"https:\/\/portal.fgeo.gob.mx\/wp-content\/uploads\/2024\/08\/BOLET%C3%8DN-893-FGEO-lleva-a-la-Sierra-Norte-el-programa-de-proximidad-social-%E2%80%9CFiscal%C3%ADa-en-tu-Comunidad%E2%80%9D-para-atender-necesidades-en-procuraci%C3%B3n-de-justicia-de-Ixtl%C3%A1n-de-Ju%C3%A1rez5-300x200.jpeg\" alt=\"\" width=\"300\" height=\"200\" \/> <img loading=\"lazy\" decoding=\"async\" class=\"alignnone size-medium wp-image-6975\" src=\"https:\/\/portal.fgeo.gob.mx\/wp-content\/uploads\/2024\/08\/BOLET%C3%8DN-893-FGEO-lleva-a-la-Sierra-Norte-el-programa-de-proximidad-social-%E2%80%9CFiscal%C3%ADa-en-tu-Comunidad%E2%80%9D-para-atender-necesidades-en-procuraci%C3%B3n-de-justicia-de-Ixtl%C3%A1n-de-Ju%C3%A1rez4-300x200.jpeg\" alt=\"\" width=\"300\" height=\"200\" \/><\/p>\n<p style=\"font-weight: 400\">El Fiscal Bernardo Rodr\u00edguez Alamilla resalt\u00f3 que mejorar los procesos de atenci\u00f3n a los delitos requiere que la instituci\u00f3n procuradora de justicia se acerque a las comunidades y sus autoridades para poder conocer el contexto espec\u00edfico en el que se presenta el fen\u00f3meno delictivo y as\u00ed poder darle una atenci\u00f3n m\u00e1s eficiente.<\/p>\n<p style=\"font-weight: 400\">Detall\u00f3 que debido a este acercamiento a las comunidades permite dar una mejor atenci\u00f3n a los municipios, pues se logran establecer mecanismos de colaboraci\u00f3n por medio del cual se les pueden brindar herramientas especializadas, pero contextualizada en torno a las realidades de las comunidades, como el delito de violencia familiar que es una de las principales preocupaciones de Ixtl\u00e1n de Ju\u00e1rez, y que, a trav\u00e9s de este programa se lograr\u00e1 hacer estrategias coordinadas e interinstitucionales para atenderlo con eficacia.<\/p>\n<p style=\"font-weight: 400\">\u00a0<img loading=\"lazy\" decoding=\"async\" class=\"alignnone size-medium wp-image-6976\" src=\"https:\/\/portal.fgeo.gob.mx\/wp-content\/uploads\/2024\/08\/BOLET%C3%8DN-893-FGEO-lleva-a-la-Sierra-Norte-el-programa-de-proximidad-social-%E2%80%9CFiscal%C3%ADa-en-tu-Comunidad%E2%80%9D-para-atender-necesidades-en-procuraci%C3%B3n-de-justicia-de-Ixtl%C3%A1n-de-Ju%C3%A1rez2-300x200.jpeg\" alt=\"\" width=\"300\" height=\"200\" \/> <img loading=\"lazy\" decoding=\"async\" class=\"alignnone size-medium wp-image-6977\" src=\"https:\/\/portal.fgeo.gob.mx\/wp-content\/uploads\/2024\/08\/BOLET%C3%8DN-893-FGEO-lleva-a-la-Sierra-Norte-el-programa-de-proximidad-social-%E2%80%9CFiscal%C3%ADa-en-tu-Comunidad%E2%80%9D-para-atender-necesidades-en-procuraci%C3%B3n-de-justicia-de-Ixtl%C3%A1n-de-Ju%C3%A1rez9-300x200.jpeg\" alt=\"\" width=\"300\" height=\"200\" \/><\/p>\n<p style=\"font-weight: 400\">Por su parte, el presidente municipal de Ixtl\u00e1n de Ju\u00e1rez, Juan Jos\u00e9 Ruiz Pacheco, sostuvo que este proceso de acercamiento y colaboraci\u00f3n con la Fiscal\u00eda General del Estado les brinda la oportunidad de acceder a mejores herramientas y aumentar sus capacidades de atenci\u00f3n al fen\u00f3meno delictivo en la comunidad.<\/p>\n<p style=\"font-weight: 400\">\u00a0<img loading=\"lazy\" decoding=\"async\" class=\"alignnone size-medium wp-image-6978\" src=\"https:\/\/portal.fgeo.gob.mx\/wp-content\/uploads\/2024\/08\/BOLET%C3%8DN-893-FGEO-lleva-a-la-Sierra-Norte-el-programa-de-proximidad-social-%E2%80%9CFiscal%C3%ADa-en-tu-Comunidad%E2%80%9D-para-atender-necesidades-en-procuraci%C3%B3n-de-justicia-de-Ixtl%C3%A1n-de-Ju%C3%A1rez6-1-300x200.jpeg\" alt=\"\" width=\"300\" height=\"200\" \/> <img loading=\"lazy\" decoding=\"async\" class=\"alignnone size-medium wp-image-6979\" src=\"https:\/\/portal.fgeo.gob.mx\/wp-content\/uploads\/2024\/08\/BOLET%C3%8DN-893-FGEO-lleva-a-la-Sierra-Norte-el-programa-de-proximidad-social-%E2%80%9CFiscal%C3%ADa-en-tu-Comunidad%E2%80%9D-para-atender-necesidades-en-procuraci%C3%B3n-de-justicia-de-Ixtl%C3%A1n-de-Ju%C3%A1rez12-300x200.jpeg\" alt=\"\" width=\"300\" height=\"200\" \/> <img loading=\"lazy\" decoding=\"async\" class=\"alignnone size-medium wp-image-6980\" src=\"https:\/\/portal.fgeo.gob.mx\/wp-content\/uploads\/2024\/08\/BOLET%C3%8DN-893-FGEO-lleva-a-la-Sierra-Norte-el-programa-de-proximidad-social-%E2%80%9CFiscal%C3%ADa-en-tu-Comunidad%E2%80%9D-para-atender-necesidades-en-procuraci%C3%B3n-de-justicia-de-Ixtl%C3%A1n-de-Ju%C3%A1rez11-300x200.jpeg\" alt=\"\" width=\"300\" height=\"200\" \/><\/p>\n<p style=\"font-weight: 400\">La Fiscal\u00eda General del Estado fortalece el trabajo con las comunidades como parte del proceso de reingenier\u00eda institucional, por ello, implementa el programa de proximidad social \u201cFiscal\u00eda en tu Comunidad\u201d, por medio del cual brinda capacitaci\u00f3n continua en temas como Informe Policial Homologado y Primer Respondiente, \u201cEl sistema de Justicia para Adolescentes\u201d, \u201cActuaci\u00f3n del Primer Respondiente en Feminicidio y violencia familiar\u201d, \u201cDelito Gota a Gota\u201d, \u201cForma de extorsi\u00f3n\u201d as\u00ed como \u201c\u00d3rdenes de protecci\u00f3n\u201d, impartidos por personal de diferentes \u00e1reas de la Instituci\u00f3n de procuraci\u00f3n de justicia.<\/p>\n<p style=\"font-weight: 400\"><img loading=\"lazy\" decoding=\"async\" class=\"alignnone size-medium wp-image-6981\" src=\"https:\/\/portal.fgeo.gob.mx\/wp-content\/uploads\/2024\/08\/BOLET%C3%8DN-893-FGEO-lleva-a-la-Sierra-Norte-el-programa-de-proximidad-social-%E2%80%9CFiscal%C3%ADa-en-tu-Comunidad%E2%80%9D-para-atender-necesidades-en-procuraci%C3%B3n-de-justicia-de-Ixtl%C3%A1n-de-Ju%C3%A1rez7-300x169.jpeg\" alt=\"\" width=\"300\" height=\"169\" \/> <img loading=\"lazy\" decoding=\"async\" class=\"alignnone size-medium wp-image-6982\" src=\"https:\/\/portal.fgeo.gob.mx\/wp-content\/uploads\/2024\/08\/BOLET%C3%8DN-893-FGEO-lleva-a-la-Sierra-Norte-el-programa-de-proximidad-social-%E2%80%9CFiscal%C3%ADa-en-tu-Comunidad%E2%80%9D-para-atender-necesidades-en-procuraci%C3%B3n-de-justicia-de-Ixtl%C3%A1n-de-Ju%C3%A1rez8-300x200.jpeg\" alt=\"\" width=\"300\" height=\"200\" \/><\/p>\n<p style=\"font-weight: 400\">\n","protected":false},"author":2,"featured_media":6963,"comment_status":"closed","ping_status":"closed","template":"","tags":[],"categoria_noticias":[],"class_list":["post-16253","noticias","type-noticias","status-publish","has-post-thumbnail","hentry"],"acf":[],"mb":[],"mfb_rest_fields":["title","gutenberg_elementor_mode"],"_links":{"self":[{"href":"https:\/\/portal.fgeo.gob.mx\/index.php\/wp-json\/wp\/v2\/noticias\/16253","targetHints":{"allow":["GET"]}}],"collection":[{"href":"https:\/\/portal.fgeo.gob.mx\/index.php\/wp-json\/wp\/v2\/noticias"}],"about":[{"href":"https:\/\/portal.fgeo.gob.mx\/index.php\/wp-json\/wp\/v2\/types\/noticias"}],"author":[{"embeddable":true,"href":"https:\/\/portal.fgeo.gob.mx\/index.php\/wp-json\/wp\/v2\/users\/2"}],"replies":[{"embeddable":true,"href":"https:\/\/portal.fgeo.gob.mx\/index.php\/wp-json\/wp\/v2\/comments?post=16253"}],"wp:featuredmedia":[{"embeddable":true,"href":"https:\/\/portal.fgeo.gob.mx\/index.php\/wp-json\/wp\/v2\/media\/6963"}],"wp:attachment":[{"href":"https:\/\/portal.fgeo.gob.mx\/index.php\/wp-json\/wp\/v2\/media?parent=16253"}],"wp:term":[{"taxonomy":"post_tag","embeddable":true,"href":"https:\/\/portal.fgeo.gob.mx\/index.php\/wp-json\/wp\/v2\/tags?post=16253"},{"taxonomy":"categoria_noticias","embeddable":true,"href":"https:\/\/portal.fgeo.gob.mx\/index.php\/wp-json\/wp\/v2\/categoria_noticias?post=16253"}],"curies":[{"name":"wp","href":"https:\/\/api.w.org\/{rel}","templated":true}]}}