{"id":16252,"date":"2024-08-08T14:22:49","date_gmt":"2024-08-08T20:22:49","guid":{"rendered":"https:\/\/fge.oaxaca.gob.mx\/?post_type=noticias&amp;p=6968"},"modified":"2024-08-08T14:22:49","modified_gmt":"2024-08-08T20:22:49","slug":"boletin-892-obtiene-fgeo-vinculacion-a-proceso-y-prision-en-contra-de-r-m-s-alias-cromo-o-el-balatas-imputado-por-homicidio-y-considerado-objetivo-prioritario-en-el-istmo-de-tehua","status":"publish","type":"noticias","link":"https:\/\/portal.fgeo.gob.mx\/index.php\/archivos\/noticias\/boletin-892-obtiene-fgeo-vinculacion-a-proceso-y-prision-en-contra-de-r-m-s-alias-cromo-o-el-balatas-imputado-por-homicidio-y-considerado-objetivo-prioritario-en-el-istmo-de-tehua","title":{"rendered":"BOLET\u00cdN 892 -Obtiene FGEO vinculaci\u00f3n a proceso y prisi\u00f3n en contra de R.M.S, alias \u201cCromo o El Balatas\u201d, imputado por homicidio y considerado objetivo prioritario en el Istmo de Tehuantepec"},"content":{"rendered":"<p style=\"font-weight: 400\"><strong>Oaxaca de Ju\u00e1rez, Oax. 8 agosto de 2024.-<\/strong>\u00a0La Fiscal\u00eda General del Estado de Oaxaca (FGEO) obtuvo auto de vinculaci\u00f3n a proceso y prisi\u00f3n preventiva en contra de una persona del sexo masculino identificado como R.M.S, alias \u201cCromo o El Balatas\u201d, considerado como un objetivo prioritario y probable l\u00edder de una c\u00e9lula delictiva, una de las principales generadoras de violencia en la regi\u00f3n del Istmo de Tehuantepec.<\/p>\n<p style=\"font-weight: 400\">De acuerdo con el expediente penal, los hechos ocurrieron el 8 de febrero de 2024, cuando la v\u00edctima identificada como T.J.C.C.\u00a0 se encontraba en su domicilio cuando un grupo de personas llegaron a bordo de un veh\u00edculo y realizaron la agresi\u00f3n con armas de fuego, ocasion\u00e1ndole lesiones que le provocaron la muerte.<\/p>\n<p style=\"font-weight: 400\">La localizaci\u00f3n y posterior detenci\u00f3n de R.M.S, alias \u201cCromo o El Balatas\u201d, se logr\u00f3 gracias a los trabajos de ministeriales especializados que fueron realizados por diversas \u00e1reas de la FGEO gracias a los cuales se despleg\u00f3 un operativo encabezado por elementos de la Agencia Estatal de Investigaciones (AEI), el cual se llev\u00f3 a cabo en la Cuarta Secci\u00f3n de Juchit\u00e1n de Zaragoza.<\/p>\n<p style=\"font-weight: 400\">La orden de aprehensi\u00f3n en contra de R.M.S, alias \u201cCromo o El Balatas\u201d se ejecut\u00f3 por el delito de homicidio calificado con ventaja, hecho que podr\u00eda estar vinculado a las actividades criminales de una c\u00e9lula delictiva generadora de violencia en el Istmo.<\/p>\n<p style=\"font-weight: 400\">Luego que la FGEO present\u00f3 los datos de prueba en contra del imputado, el Juez de Control las estim\u00f3 y dict\u00f3 auto de vinculaci\u00f3n a proceso en contra de R.M.S, alias \u201cCromo o El Balatas\u201d, a quien impuso la medida cautelar de prisi\u00f3n preventiva, adem\u00e1s de otorgar tres meses para el cierre de la investigaci\u00f3n complementaria.<\/p>\n<p style=\"font-weight: 400\">La Fiscal\u00eda de Oaxaca al tener conocimiento de los hechos efectu\u00f3 las investigaciones correspondientes a trav\u00e9s de la Vicefiscal\u00eda Regional del Istmo, por lo que despleg\u00f3 un equipo multidisciplinario, el cual encabez\u00f3 las primeras indagatorias lo que permiti\u00f3 obtener la orden de aprehensi\u00f3n, tras estas acciones R.M.S, alias \u201cCromo o El Balatas\u201d, fue puesto a disposici\u00f3n de la autoridad correspondiente para que se determine su situaci\u00f3n jur\u00eddica<\/p>\n<p style=\"font-weight: 400\">Asimismo, es preciso se\u00f1alar que R.M.S, alias \u201cCromo o El Balatas\u201d, es considerado un objetivo prioritario debido a que los trabajos ministeriales revelaron que ser\u00eda uno de los principales generadores de violencia relacionadas con la comisi\u00f3n de delitos contra la salud, as\u00ed como la colocaci\u00f3n de mensajes de amenaza en diversos puntos de la regi\u00f3n, tambi\u00e9n homicidios, adem\u00e1s de\u00a0 diversas actividades del crimen organizado\u00a0 cometidas en el Istmo de Tehuantepec.<\/p>\n<p style=\"font-weight: 400\">La Fiscal\u00eda de Oaxaca reitera su compromiso de generar investigaciones s\u00f3lidas que permitan atender en forma efectiva los delitos de alto impacto, esto con el prop\u00f3sito de brindar un pleno acceso a adecuados procesos de procuraci\u00f3n de justicia a v\u00edctimas directas e indirectas, y con ello inhibir eficazmente las actividades generadoras de violencia en las distintas regiones de la entidad.<\/p>\n<p style=\"font-weight: 400\"><img fetchpriority=\"high\" decoding=\"async\" class=\"alignnone size-medium wp-image-6969\" src=\"https:\/\/portal.fgeo.gob.mx\/wp-content\/uploads\/2024\/08\/08-agosto-comunicado-vinculaci%C3%B3n-cromo_page-0001-232x300.jpg\" alt=\"\" width=\"232\" height=\"300\" \/> <img decoding=\"async\" class=\"alignnone size-medium wp-image-6970\" src=\"https:\/\/portal.fgeo.gob.mx\/wp-content\/uploads\/2024\/08\/BOLET%C3%8DN-892-Obtiene-FGEO-vinculaci%C3%B3n-a-proceso-y-prisi%C3%B3n-en-contra-de-R.M.S-alias-%E2%80%9CCromo-o-El-Balatas%E2%80%9D-imputado-por-homicidio-y-considerado-objetivo-prioritario-en-el-Istmo-de-Tehuantepec-300x253.jpeg\" alt=\"\" width=\"300\" height=\"253\" \/><\/p>\n","protected":false},"author":2,"featured_media":6963,"comment_status":"closed","ping_status":"closed","template":"","tags":[],"categoria_noticias":[],"class_list":["post-16252","noticias","type-noticias","status-publish","has-post-thumbnail","hentry"],"acf":[],"mb":[],"mfb_rest_fields":["title","gutenberg_elementor_mode"],"_links":{"self":[{"href":"https:\/\/portal.fgeo.gob.mx\/index.php\/wp-json\/wp\/v2\/noticias\/16252","targetHints":{"allow":["GET"]}}],"collection":[{"href":"https:\/\/portal.fgeo.gob.mx\/index.php\/wp-json\/wp\/v2\/noticias"}],"about":[{"href":"https:\/\/portal.fgeo.gob.mx\/index.php\/wp-json\/wp\/v2\/types\/noticias"}],"author":[{"embeddable":true,"href":"https:\/\/portal.fgeo.gob.mx\/index.php\/wp-json\/wp\/v2\/users\/2"}],"replies":[{"embeddable":true,"href":"https:\/\/portal.fgeo.gob.mx\/index.php\/wp-json\/wp\/v2\/comments?post=16252"}],"wp:featuredmedia":[{"embeddable":true,"href":"https:\/\/portal.fgeo.gob.mx\/index.php\/wp-json\/wp\/v2\/media\/6963"}],"wp:attachment":[{"href":"https:\/\/portal.fgeo.gob.mx\/index.php\/wp-json\/wp\/v2\/media?parent=16252"}],"wp:term":[{"taxonomy":"post_tag","embeddable":true,"href":"https:\/\/portal.fgeo.gob.mx\/index.php\/wp-json\/wp\/v2\/tags?post=16252"},{"taxonomy":"categoria_noticias","embeddable":true,"href":"https:\/\/portal.fgeo.gob.mx\/index.php\/wp-json\/wp\/v2\/categoria_noticias?post=16252"}],"curies":[{"name":"wp","href":"https:\/\/api.w.org\/{rel}","templated":true}]}}