{"id":16251,"date":"2024-08-07T11:00:11","date_gmt":"2024-08-07T17:00:11","guid":{"rendered":"https:\/\/fge.oaxaca.gob.mx\/?post_type=noticias&amp;p=6959"},"modified":"2024-08-07T11:00:11","modified_gmt":"2024-08-07T17:00:11","slug":"boletin-890-obtiene-fgeo-vinculacion-a-proceso-contra-detenido-en-cateo-por-delitos-contra-la-salud-hechos-ocurridos-en-la-region-de-la-costa-de-oaxaca","status":"publish","type":"noticias","link":"https:\/\/portal.fgeo.gob.mx\/index.php\/archivos\/noticias\/boletin-890-obtiene-fgeo-vinculacion-a-proceso-contra-detenido-en-cateo-por-delitos-contra-la-salud-hechos-ocurridos-en-la-region-de-la-costa-de-oaxaca","title":{"rendered":"BOLET\u00cdN 890.- Obtiene FGEO vinculaci\u00f3n a proceso contra detenido en cateo por delitos contra la Salud, hechos ocurridos en la regi\u00f3n de la Costa de Oaxaca"},"content":{"rendered":"<p>Oaxaca de Ju\u00e1rez, Oax. 07 agosto de 2024.-Como parte de las acciones de combate a delitos de alto impacto, la Fiscal\u00eda General del Estado de Oaxaca (FGEO) obtuvo auto de vinculaci\u00f3n a proceso y prisi\u00f3n en contra de una persona del sexo masculino identificada como G.S.G.Z., por el delito contra la Salud cometido en agravio de la sociedad.<\/p>\n<p>De acuerdo con la investigaci\u00f3n asentada en el expediente penal del caso, G.S.G.Z. fue detenido el 19 de julio de 2024, derivado de un cateo realizado por elementos de la Agencia Estatal de Investigaciones (AEI) de la Vicefiscal\u00eda Regional de la Costa, en el municipio de San Mateo Pi\u00f1as, en el que aseguraron bolsas de drogas conocidas como cristal, adem\u00e1s de hierba seca con las caracter\u00edsticas propias a la marihuana.<\/p>\n<p>Por estos hechos, el imputado fue trasladado ante las autoridades ministeriales que tomaron conocimiento del caso e iniciaron con las investigaciones correspondientes, mismas que fueron presentadas ante el Juez que atiende la causa.<\/p>\n<p>Una vez evaluadas las pruebas, la autoridad judicial en audiencia, determin\u00f3 vincular a proceso a G.S.G.Z., e impuso la medida cautelar de prisi\u00f3n preventiva justificada, por el delito contra la Salud, concediendo el plazo de dos meses para el cierre de investigaci\u00f3n complementaria.<\/p>\n<p>La Fiscal\u00eda General de Oaxaca, refrenda su compromiso de seguir trabajando para combatir este tipo de delitos que atentan contra el bienestar de la sociedad oaxaque\u00f1a.<\/p>\n<figure id=\"attachment_6960\" aria-describedby=\"caption-attachment-6960\" style=\"width: 250px\" class=\"wp-caption alignnone\"><img fetchpriority=\"high\" decoding=\"async\" class=\"size-medium wp-image-6960\" src=\"https:\/\/portal.fgeo.gob.mx\/wp-content\/uploads\/2024\/08\/foto-250x300.jpg\" alt=\"\" width=\"250\" height=\"300\" \/><figcaption id=\"caption-attachment-6960\" class=\"wp-caption-text\">Dise\u00f1o sin t\u00edtulo &#8211; 1<\/figcaption><\/figure>\n","protected":false},"author":2,"featured_media":6922,"comment_status":"closed","ping_status":"closed","template":"","tags":[],"categoria_noticias":[],"class_list":["post-16251","noticias","type-noticias","status-publish","has-post-thumbnail","hentry"],"acf":[],"mb":[],"mfb_rest_fields":["title","gutenberg_elementor_mode"],"_links":{"self":[{"href":"https:\/\/portal.fgeo.gob.mx\/index.php\/wp-json\/wp\/v2\/noticias\/16251","targetHints":{"allow":["GET"]}}],"collection":[{"href":"https:\/\/portal.fgeo.gob.mx\/index.php\/wp-json\/wp\/v2\/noticias"}],"about":[{"href":"https:\/\/portal.fgeo.gob.mx\/index.php\/wp-json\/wp\/v2\/types\/noticias"}],"author":[{"embeddable":true,"href":"https:\/\/portal.fgeo.gob.mx\/index.php\/wp-json\/wp\/v2\/users\/2"}],"replies":[{"embeddable":true,"href":"https:\/\/portal.fgeo.gob.mx\/index.php\/wp-json\/wp\/v2\/comments?post=16251"}],"wp:featuredmedia":[{"embeddable":true,"href":"https:\/\/portal.fgeo.gob.mx\/index.php\/wp-json\/"}],"wp:attachment":[{"href":"https:\/\/portal.fgeo.gob.mx\/index.php\/wp-json\/wp\/v2\/media?parent=16251"}],"wp:term":[{"taxonomy":"post_tag","embeddable":true,"href":"https:\/\/portal.fgeo.gob.mx\/index.php\/wp-json\/wp\/v2\/tags?post=16251"},{"taxonomy":"categoria_noticias","embeddable":true,"href":"https:\/\/portal.fgeo.gob.mx\/index.php\/wp-json\/wp\/v2\/categoria_noticias?post=16251"}],"curies":[{"name":"wp","href":"https:\/\/api.w.org\/{rel}","templated":true}]}}