{"id":16247,"date":"2024-08-06T10:22:00","date_gmt":"2024-08-06T16:22:00","guid":{"rendered":"https:\/\/fge.oaxaca.gob.mx\/?post_type=noticias&amp;p=6935"},"modified":"2024-08-06T10:22:00","modified_gmt":"2024-08-06T16:22:00","slug":"boletin-886-obtiene-fgeo-sentencia-de-80-anos-de-prision-contra-responsables-de-homicidio-cometido-en-la-region-del-istmo","status":"publish","type":"noticias","link":"https:\/\/portal.fgeo.gob.mx\/index.php\/archivos\/noticias\/boletin-886-obtiene-fgeo-sentencia-de-80-anos-de-prision-contra-responsables-de-homicidio-cometido-en-la-region-del-istmo","title":{"rendered":"BOLET\u00cdN 886.- Obtiene FGEO sentencia de 80 a\u00f1os de prisi\u00f3n contra responsables de Homicidio cometido en la regi\u00f3n del Istmo"},"content":{"rendered":"<p>Oaxaca de Ju\u00e1rez, Oax. 06 agosto de 2024.- Derivado del trabajo ministerial que realiza la Fiscal\u00eda General del Estado de Oaxaca (FGEO) se obtuvo dos sentencias condenatorias que suman en total 80 a\u00f1os de prisi\u00f3n, en contra de dos personas del sexo masculino identificadas como Humberto M.S., alias &#8220;El Beto loco\u201d y H\u00e9ctor A.T.N., alias \u201cEl Teco o Tequito\u201d, responsables por la comisi\u00f3n del delito de Homicidio Calificado con Alevos\u00eda y Ventaja en agravio de M.A.M.C., hechos ocurridos en la regi\u00f3n del Istmo.<\/p>\n<p>De acuerdo con lo asentado en el expediente penal, los hechos ocurrieron la ma\u00f1ana del 31 de mayo de 2019, cuando la v\u00edctima llegaba a su domicilio ubicado en la calle Lim\u00f3n, en la localidad de la Brecha, jurisdicci\u00f3n de Santo Domingo Tehuantepec.<\/p>\n<p>En el lugar, los sentenciados interceptaron a la v\u00edctima, traslad\u00e1ndola al paraje denominado &#8220;Campo de tiro&#8221;, ubicado en un camino de terracer\u00eda que se encuentra a un kil\u00f3metro de la Carretera Federal tramo Salina Cruz-Huatulco, de la poblaci\u00f3n de Guelaguechi, en la regi\u00f3n del Istmo de Tehuantepec.<\/p>\n<p>En el lugar, los imputados agredieron f\u00edsicamente y privaron de la vida -con un objeto punzo cortante- a la v\u00edctima, adem\u00e1s de que rociaron gasolina y le prendieron fuego al igual que al veh\u00edculo en que viajaban. El cuerpo de la v\u00edctima fue localizado en dicho lugar, la tarde del 31 de mayo de 2019.<\/p>\n<p>Ante estos hechos, la Fiscal\u00eda General del Estado de Oaxaca realiz\u00f3 las investigaciones que permitieron aprender y presentar a los imputados ante el Juez de la causa, quien determin\u00f3 vincularlos a proceso.<\/p>\n<p>En audiencia, el Tribunal de Enjuiciamiento dict\u00f3 sentencia condenatoria contra Humberto M.S., alias &#8220;El Beto loco\u201d y H\u00e9ctor A.T.N., alias \u201cEl Teco o Tequito\u201d, a quienes impusieron la pena de 40 a\u00f1os de prisi\u00f3n a cada uno de los responsables, as\u00ed como el pago de m\u00e1s de seis millones de pesos por concepto de reparaci\u00f3n del da\u00f1o.<\/p>\n<p>La Fiscal\u00eda General del Estado est\u00e1 comprometida con brindar atenci\u00f3n a los casos de delitos de alto impacto, para garantizar a las v\u00edctimas directas e indirectas un adecuado acceso a los procesos de procuraci\u00f3n de justicia.<\/p>\n<p><img fetchpriority=\"high\" decoding=\"async\" class=\"alignnone size-medium wp-image-6936\" src=\"https:\/\/portal.fgeo.gob.mx\/wp-content\/uploads\/2024\/08\/Dise%C3%B1o-sin-t%C3%ADtulo-1-220x300.jpg\" alt=\"\" width=\"220\" height=\"300\" \/> <img decoding=\"async\" class=\"alignnone size-medium wp-image-6937\" src=\"https:\/\/portal.fgeo.gob.mx\/wp-content\/uploads\/2024\/08\/Dise%C3%B1o-sin-t%C3%ADtulo.jpg\" alt=\"\" width=\"229\" height=\"277\" \/><\/p>\n","protected":false},"author":2,"featured_media":6922,"comment_status":"closed","ping_status":"closed","template":"","tags":[],"categoria_noticias":[],"class_list":["post-16247","noticias","type-noticias","status-publish","has-post-thumbnail","hentry"],"acf":[],"mb":[],"mfb_rest_fields":["title","gutenberg_elementor_mode"],"_links":{"self":[{"href":"https:\/\/portal.fgeo.gob.mx\/index.php\/wp-json\/wp\/v2\/noticias\/16247","targetHints":{"allow":["GET"]}}],"collection":[{"href":"https:\/\/portal.fgeo.gob.mx\/index.php\/wp-json\/wp\/v2\/noticias"}],"about":[{"href":"https:\/\/portal.fgeo.gob.mx\/index.php\/wp-json\/wp\/v2\/types\/noticias"}],"author":[{"embeddable":true,"href":"https:\/\/portal.fgeo.gob.mx\/index.php\/wp-json\/wp\/v2\/users\/2"}],"replies":[{"embeddable":true,"href":"https:\/\/portal.fgeo.gob.mx\/index.php\/wp-json\/wp\/v2\/comments?post=16247"}],"wp:featuredmedia":[{"embeddable":true,"href":"https:\/\/portal.fgeo.gob.mx\/index.php\/wp-json\/"}],"wp:attachment":[{"href":"https:\/\/portal.fgeo.gob.mx\/index.php\/wp-json\/wp\/v2\/media?parent=16247"}],"wp:term":[{"taxonomy":"post_tag","embeddable":true,"href":"https:\/\/portal.fgeo.gob.mx\/index.php\/wp-json\/wp\/v2\/tags?post=16247"},{"taxonomy":"categoria_noticias","embeddable":true,"href":"https:\/\/portal.fgeo.gob.mx\/index.php\/wp-json\/wp\/v2\/categoria_noticias?post=16247"}],"curies":[{"name":"wp","href":"https:\/\/api.w.org\/{rel}","templated":true}]}}