{"id":16244,"date":"2024-08-03T18:00:07","date_gmt":"2024-08-04T00:00:07","guid":{"rendered":"https:\/\/fge.oaxaca.gob.mx\/?post_type=noticias&amp;p=6930"},"modified":"2024-08-03T18:00:07","modified_gmt":"2024-08-04T00:00:07","slug":"boletin-883-en-operativo-fiscalia-de-oaxaca-aprehende-a-r-m-s-alias-cromo-o-el-balatas-objetivo-prioritario-al-considerarse-generador-de-violencia-en-la-region-del-istmo-de-teh","status":"publish","type":"noticias","link":"https:\/\/portal.fgeo.gob.mx\/index.php\/archivos\/noticias\/boletin-883-en-operativo-fiscalia-de-oaxaca-aprehende-a-r-m-s-alias-cromo-o-el-balatas-objetivo-prioritario-al-considerarse-generador-de-violencia-en-la-region-del-istmo-de-teh","title":{"rendered":"BOLET\u00cdN 883.- En operativo, Fiscal\u00eda de Oaxaca aprehende a  R.M.S, alias \u201cCromo o El Balatas\u201d, objetivo prioritario al considerarse generador de violencia en la regi\u00f3n del Istmo de Tehuantepec"},"content":{"rendered":"<p style=\"font-weight: 400\">* Se investiga relaci\u00f3n con c\u00e9lula delictiva que estar\u00eda implicada en diversos delitos vinculados con la delincuencia organizada<\/p>\n<p style=\"font-weight: 400\">\n<p style=\"font-weight: 400\">* Trabajos de inteligencia criminal fueron clave en la localizaci\u00f3n y detenci\u00f3n de esta persona de quien se investiga su relaci\u00f3n con diversos delitos<\/p>\n<p style=\"font-weight: 400\">\n<p style=\"font-weight: 400\">Oaxaca de Ju\u00e1rez, Oax. 3 agosto de 2024.- La Fiscal\u00eda General del Estado de Oaxaca (FGEO) ejecut\u00f3 una orden de aprehensi\u00f3n en contra de una persona del sexo masculino identificado como R.M.S, alias \u201cCromo o El Balatas\u201d, considerado como un objetivo prioritario y probable l\u00edder de una c\u00e9lula delictiva, una de las principales generadoras de violencia en la regi\u00f3n del Istmo de Tehuantepec.<\/p>\n<p style=\"font-weight: 400\">\n<p style=\"font-weight: 400\">La localizaci\u00f3n de R.M.S, alias \u201cCromo o El Balatas\u201d, se logr\u00f3 gracias a los trabajos de inteligencia criminal realizados por diversas \u00e1reas de la FGEO que permitieron saber el paradero de esta persona que fue detenida durante un operativo encabezado por elementos de la Agencia Estatal de Investigaciones (AEI), el cual se realiz\u00f3 en la Cuarta Secci\u00f3n de Juchit\u00e1n de Zaragoza.<\/p>\n<p style=\"font-weight: 400\">\n<p style=\"font-weight: 400\">La orden de aprehensi\u00f3n en contra de R.M.S, alias \u201cCromo o El Balatas\u201d se realiz\u00f3 por su probable responsabilidad en la comisi\u00f3n del delito de homicidio calificado con ventaja, hecho que podr\u00eda estar vinculado a las actividades criminales de una c\u00e9lula delictiva generadora de violencia en la regi\u00f3n.<\/p>\n<p style=\"font-weight: 400\">\n<p style=\"font-weight: 400\">De acuerdo con el expediente penal los hechos ocurrieron el 8 de febrero de 2024, cuando la v\u00edctima identificada como T.J.C.C.\u00a0 se encontraba en su domicilio cuando un grupo de personas llegaron a bordo de un veh\u00edculo y realizaron la agresi\u00f3n con armas de fuego, ocasion\u00e1ndole lesiones que le provocaron la muerte.<\/p>\n<p style=\"font-weight: 400\">\n<p style=\"font-weight: 400\">La Fiscal\u00eda de Oaxaca al tener conocimiento de los hechos efectu\u00f3 las investigaciones correspondientes a trav\u00e9s de la Vicefiscal\u00eda Regional del Istmo, por lo que despleg\u00f3 un equipo multidisciplinario, el cual encabez\u00f3 las primeras indagatorias lo que permiti\u00f3 obtener la orden de aprehensi\u00f3n, tras estas acciones R.M.S, alias \u201cCromo o El Balatas\u201d, fue puesto a disposici\u00f3n de la autoridad correspondiente para que se determine su situaci\u00f3n jur\u00eddica<\/p>\n<p style=\"font-weight: 400\">\n<p style=\"font-weight: 400\">Asimismo, es preciso se\u00f1alar que R.M.S, alias \u201cCromo o El Balatas\u201d, es considerado un objetivo prioritario debido a que los trabajos ministeriales revelaron que ser\u00eda uno de los principales generadores de violencia relacionadas con la comisi\u00f3n de delitos contra la salud, as\u00ed como la colocaci\u00f3n de mensajes de amenaza en diversos puntos, tambi\u00e9n homicidios, adem\u00e1s de\u00a0 diversas actividades del crimen organizado\u00a0 cometidas en la regi\u00f3n del Istmo de Tehuantepec.<\/p>\n<p style=\"font-weight: 400\">\n<p style=\"font-weight: 400\">La Fiscal\u00eda de Oaxaca reitera su compromiso de generar investigaciones s\u00f3lidas que permitan atender en forma efectiva los delitos de alto impacto, esto con el prop\u00f3sito de brindar un pleno acceso a adecuados procesos de procuraci\u00f3n de justicia a v\u00edctimas directas e indirectas, y con ello inhibir eficazmente las actividades generadoras de violencia en las distintas regiones de la entidad.<\/p>\n<p style=\"font-weight: 400\"><img fetchpriority=\"high\" decoding=\"async\" class=\"alignnone size-medium wp-image-6931\" src=\"https:\/\/portal.fgeo.gob.mx\/wp-content\/uploads\/2024\/08\/BOLET%C3%8DN-883-En-operativo-Fiscal%C3%ADa-de-Oaxaca-aprehende-a-R.M.S-alias-%E2%80%9CCromo-o-El-Balatas%E2%80%9D-objetivo-prioritario-al-considerarse-generador-de-violencia-en-la-regi%C3%B3n-del-Istmo-de-Tehuantepec-300x253.jpeg\" alt=\"\" width=\"300\" height=\"253\" \/><\/p>\n","protected":false},"author":2,"featured_media":6922,"comment_status":"closed","ping_status":"closed","template":"","tags":[],"categoria_noticias":[],"class_list":["post-16244","noticias","type-noticias","status-publish","has-post-thumbnail","hentry"],"acf":[],"mb":[],"mfb_rest_fields":["title","gutenberg_elementor_mode"],"_links":{"self":[{"href":"https:\/\/portal.fgeo.gob.mx\/index.php\/wp-json\/wp\/v2\/noticias\/16244","targetHints":{"allow":["GET"]}}],"collection":[{"href":"https:\/\/portal.fgeo.gob.mx\/index.php\/wp-json\/wp\/v2\/noticias"}],"about":[{"href":"https:\/\/portal.fgeo.gob.mx\/index.php\/wp-json\/wp\/v2\/types\/noticias"}],"author":[{"embeddable":true,"href":"https:\/\/portal.fgeo.gob.mx\/index.php\/wp-json\/wp\/v2\/users\/2"}],"replies":[{"embeddable":true,"href":"https:\/\/portal.fgeo.gob.mx\/index.php\/wp-json\/wp\/v2\/comments?post=16244"}],"wp:featuredmedia":[{"embeddable":true,"href":"https:\/\/portal.fgeo.gob.mx\/index.php\/wp-json\/"}],"wp:attachment":[{"href":"https:\/\/portal.fgeo.gob.mx\/index.php\/wp-json\/wp\/v2\/media?parent=16244"}],"wp:term":[{"taxonomy":"post_tag","embeddable":true,"href":"https:\/\/portal.fgeo.gob.mx\/index.php\/wp-json\/wp\/v2\/tags?post=16244"},{"taxonomy":"categoria_noticias","embeddable":true,"href":"https:\/\/portal.fgeo.gob.mx\/index.php\/wp-json\/wp\/v2\/categoria_noticias?post=16244"}],"curies":[{"name":"wp","href":"https:\/\/api.w.org\/{rel}","templated":true}]}}