{"id":16243,"date":"2024-08-02T14:00:02","date_gmt":"2024-08-02T20:00:02","guid":{"rendered":"https:\/\/fge.oaxaca.gob.mx\/?post_type=noticias&amp;p=6928"},"modified":"2024-08-02T14:00:02","modified_gmt":"2024-08-02T20:00:02","slug":"boletin-882-logra-fgeo-vinculacion-a-proceso-y-prision-contra-imputado-por-el-delito-de-violacion-de-una-nina-hechos-ocurridos-en-la-region-de-la-mixteca","status":"publish","type":"noticias","link":"https:\/\/portal.fgeo.gob.mx\/index.php\/archivos\/noticias\/boletin-882-logra-fgeo-vinculacion-a-proceso-y-prision-contra-imputado-por-el-delito-de-violacion-de-una-nina-hechos-ocurridos-en-la-region-de-la-mixteca","title":{"rendered":"BOLET\u00cdN 882.- Logra FGEO vinculaci\u00f3n a proceso y prisi\u00f3n contra imputado por el delito de violaci\u00f3n de una ni\u00f1a, hechos ocurridos en la regi\u00f3n de la Mixteca"},"content":{"rendered":"<p>Oaxaca de Ju\u00e1rez, Oax. 02 de agosto de 2024.-Como parte de la estrategia de combate a los delitos cometidos en contra de ni\u00f1as, ni\u00f1os, adolescentes y mujeres, la Fiscal\u00eda General del Estado de Oaxaca (FGEO) obtuvo auto de vinculaci\u00f3n a proceso y prisi\u00f3n preventiva en contra de J.R.R.A., imputado por el delito de Violaci\u00f3n Equiparada Agravada, cometido en perjuicio de una ni\u00f1a en la regi\u00f3n de la Mixteca.<\/p>\n<p>De acuerdo con el expediente penal del caso, la v\u00edctima (cuya identidad est\u00e1 reservada por ley) fue agredida de manera sexual en diferentes ocasiones, entre febrero de 2021 y octubre de 2023, es decir, desde que la v\u00edctima ten\u00eda nueve a\u00f1os de edad hasta que cumpli\u00f3 12.<\/p>\n<p>Los hechos ocurrieron en un domicilio ubicado en la calle Durango de la colonia Santa Rosa, primera secci\u00f3n del municipio de Huajuapan de Le\u00f3n.<\/p>\n<p>Una vez que la FGEO tom\u00f3 conocimiento del caso y tras obtener la denuncia formal,\u00a0inici\u00f3 las investigaciones correspondientes a trav\u00e9s de la Vicefiscal\u00eda Regional de la Mixteca, las cuales permitieron obtener una orden de aprehensi\u00f3n contra el imputado para presentarlo ante la autoridad que lo requiri\u00f3.<\/p>\n<p>Gracias a los resultados del trabajo multidisciplinario que la FGEO aport\u00f3, el Juez tuvo los elementos jur\u00eddicos con los que logr\u00f3 vincular a proceso a J.R.R.A., imponiendo adem\u00e1s la medida cautelar de prisi\u00f3n preventiva justificada.<\/p>\n<p>La Fiscal\u00eda de Oaxaca tiene entre sus ejes rectores garantizar una vida libre de violencia para ni\u00f1as, ni\u00f1os y adolescentes, a trav\u00e9s de los mecanismos de procuraci\u00f3n de justicia que est\u00e1n a cargo de \u00e1reas especializadas y bien capacitadas para este tipo de labores.<\/p>\n<p>&nbsp;<\/p>\n","protected":false},"author":2,"featured_media":6922,"comment_status":"closed","ping_status":"closed","template":"","tags":[],"categoria_noticias":[],"class_list":["post-16243","noticias","type-noticias","status-publish","has-post-thumbnail","hentry"],"acf":[],"mb":[],"mfb_rest_fields":["title","gutenberg_elementor_mode"],"_links":{"self":[{"href":"https:\/\/portal.fgeo.gob.mx\/index.php\/wp-json\/wp\/v2\/noticias\/16243","targetHints":{"allow":["GET"]}}],"collection":[{"href":"https:\/\/portal.fgeo.gob.mx\/index.php\/wp-json\/wp\/v2\/noticias"}],"about":[{"href":"https:\/\/portal.fgeo.gob.mx\/index.php\/wp-json\/wp\/v2\/types\/noticias"}],"author":[{"embeddable":true,"href":"https:\/\/portal.fgeo.gob.mx\/index.php\/wp-json\/wp\/v2\/users\/2"}],"replies":[{"embeddable":true,"href":"https:\/\/portal.fgeo.gob.mx\/index.php\/wp-json\/wp\/v2\/comments?post=16243"}],"wp:featuredmedia":[{"embeddable":true,"href":"https:\/\/portal.fgeo.gob.mx\/index.php\/wp-json\/"}],"wp:attachment":[{"href":"https:\/\/portal.fgeo.gob.mx\/index.php\/wp-json\/wp\/v2\/media?parent=16243"}],"wp:term":[{"taxonomy":"post_tag","embeddable":true,"href":"https:\/\/portal.fgeo.gob.mx\/index.php\/wp-json\/wp\/v2\/tags?post=16243"},{"taxonomy":"categoria_noticias","embeddable":true,"href":"https:\/\/portal.fgeo.gob.mx\/index.php\/wp-json\/wp\/v2\/categoria_noticias?post=16243"}],"curies":[{"name":"wp","href":"https:\/\/api.w.org\/{rel}","templated":true}]}}