{"id":16238,"date":"2024-07-31T14:00:54","date_gmt":"2024-07-31T20:00:54","guid":{"rendered":"https:\/\/fge.oaxaca.gob.mx\/?post_type=noticias&amp;p=6915"},"modified":"2024-07-31T14:00:54","modified_gmt":"2024-07-31T20:00:54","slug":"boletin-876-logra-fgeo-vincular-a-proceso-a-dos-imputados-por-trata-de-personas-rescatan-a-menores-de-edad-que-eren-obligados-a-trabajar-en-calles-de-la-ciudad-de-oaxaca-de-juarez","status":"publish","type":"noticias","link":"https:\/\/portal.fgeo.gob.mx\/index.php\/archivos\/noticias\/boletin-876-logra-fgeo-vincular-a-proceso-a-dos-imputados-por-trata-de-personas-rescatan-a-menores-de-edad-que-eren-obligados-a-trabajar-en-calles-de-la-ciudad-de-oaxaca-de-juarez","title":{"rendered":"BOLET\u00cdN 876.- Logra FGEO vincular a proceso a dos imputados por trata de personas; rescatan a menores de edad que eran obligados a trabajar en calles de la ciudad de Oaxaca de Ju\u00e1rez"},"content":{"rendered":"<p>* Las v\u00edctimas tiene edades que oscilan entre los 11 y 16 a\u00f1os, viv\u00edan en condiciones insalubres y de hacinamiento; son originarios del estado de Chiapas<\/p>\n<p><strong>\u00a0<\/strong>Oaxaca de Ju\u00e1rez, Oax. 31 de julio de 2024.- El trabajo especializado a favor de ni\u00f1as, ni\u00f1os y adolescentes que realiza la Fiscal\u00eda General del Estado de Oaxaca (FGEO) permiti\u00f3 obtener auto de vinculaci\u00f3n a proceso contra dos personas del sexo masculino identificadas como P.J.H., alias &#8220;El C\u00e9sar&#8221; y P.J.H., alias &#8220;El Mariano&#8221;, por el delito de Trata de Personas Agravado, en su modalidad de captaci\u00f3n, traslado y alojamiento con fines de Explotaci\u00f3n Laboral y Explotaci\u00f3n Laboral Agravado.<\/p>\n<p>Este delito fue cometido en agravio de nueve ni\u00f1os y adolescentes, cuyas edades oscilan entre los 11 y 16 a\u00f1os, pertenecientes a la etnia Tzotzil de San Juan Chamula, en el estado de Chiapas, quienes viv\u00edan en condiciones insalubres y de hacinamiento en un domicilio ubicado en Calle Prolongaci\u00f3n Nu\u00f1o del Mercado de la agencia de San Juan Chapultepec, en el municipio de Oaxaca de Ju\u00e1rez, en la regi\u00f3n de los Valles Centrales.<\/p>\n<p>De acuerdo con el expediente penal del caso, el 17 de julio de 2024, a trav\u00e9s de un operativo estrat\u00e9gico derivado de las indagatorias realizadas a partir la denuncia formulada por la Procuradur\u00eda Estatal de Protecci\u00f3n de los Derechos de Ni\u00f1as, Ni\u00f1os y Adolescentes del Estado de Oaxaca (Prodennao), elementos de la Agencia Estatal de Investigaciones (AEI) lograron la detenci\u00f3n de dos sujetos en flagrancia, que obligaban a los menores de edad a vender dulces y cigarros en las calles del centro de la ciudad de Oaxaca, laborando todos los d\u00edas de la semana en horarios excesivos.<\/p>\n<p>El rescate de los menores de edad se logr\u00f3 gracias a las investigaciones ministeriales que la FGEO a trav\u00e9s de la Vicefiscal\u00eda Regional de Valles Centrales, por lo que las v\u00edctimas quedaron bajo resguardo del Sistema Estatal para el Desarrollo Integral de la Familia (DIF).<\/p>\n<p>Durante el desahogo de audiencia y tras las pruebas presentadas por la FGEO, el Juez en turno dict\u00f3 auto de vinculaci\u00f3n a proceso para P.J.H., alias &#8220;El C\u00e9sar&#8221; y P.J.H., alias &#8220;El Mariano&#8221; por el delito de Trata de Personas Agravado, en su modalidad de captaci\u00f3n, traslado y alojamiento con fines de Explotaci\u00f3n Laboral y Explotaci\u00f3n Laboral Agravado, decretando la medida cautelar de prisi\u00f3n preventiva justificada, concediendo un plazo de cuatro meses para el cierre de la investigaci\u00f3n complementaria.<\/p>\n<p>La Fiscal\u00eda de Oaxaca prioriza los trabajos ministeriales en delitos de alto impacto como lo es trata de personas, principalmente en casos contra ni\u00f1as, ni\u00f1os y adolescentes para brindar una atenci\u00f3n integral a fin de que las v\u00edctimas tengan pleno acceso a la justicia.<\/p>\n<p><img fetchpriority=\"high\" decoding=\"async\" class=\"alignnone size-medium wp-image-6916\" src=\"https:\/\/portal.fgeo.gob.mx\/wp-content\/uploads\/2024\/07\/Dise%C3%B1o-sin-t%C3%ADtulo-1-1-169x300.jpg\" alt=\"\" width=\"169\" height=\"300\" \/> <img decoding=\"async\" class=\"alignnone size-medium wp-image-6917\" src=\"https:\/\/portal.fgeo.gob.mx\/wp-content\/uploads\/2024\/07\/Dise%C3%B1o-sin-t%C3%ADtulo-6-169x300.jpg\" alt=\"\" width=\"169\" height=\"300\" \/><\/p>\n<p>&nbsp;<\/p>\n","protected":false},"author":2,"featured_media":6836,"comment_status":"closed","ping_status":"closed","template":"","tags":[],"categoria_noticias":[],"class_list":["post-16238","noticias","type-noticias","status-publish","has-post-thumbnail","hentry"],"acf":[],"mb":[],"mfb_rest_fields":["title","gutenberg_elementor_mode"],"_links":{"self":[{"href":"https:\/\/portal.fgeo.gob.mx\/index.php\/wp-json\/wp\/v2\/noticias\/16238","targetHints":{"allow":["GET"]}}],"collection":[{"href":"https:\/\/portal.fgeo.gob.mx\/index.php\/wp-json\/wp\/v2\/noticias"}],"about":[{"href":"https:\/\/portal.fgeo.gob.mx\/index.php\/wp-json\/wp\/v2\/types\/noticias"}],"author":[{"embeddable":true,"href":"https:\/\/portal.fgeo.gob.mx\/index.php\/wp-json\/wp\/v2\/users\/2"}],"replies":[{"embeddable":true,"href":"https:\/\/portal.fgeo.gob.mx\/index.php\/wp-json\/wp\/v2\/comments?post=16238"}],"wp:featuredmedia":[{"embeddable":true,"href":"https:\/\/portal.fgeo.gob.mx\/index.php\/wp-json\/"}],"wp:attachment":[{"href":"https:\/\/portal.fgeo.gob.mx\/index.php\/wp-json\/wp\/v2\/media?parent=16238"}],"wp:term":[{"taxonomy":"post_tag","embeddable":true,"href":"https:\/\/portal.fgeo.gob.mx\/index.php\/wp-json\/wp\/v2\/tags?post=16238"},{"taxonomy":"categoria_noticias","embeddable":true,"href":"https:\/\/portal.fgeo.gob.mx\/index.php\/wp-json\/wp\/v2\/categoria_noticias?post=16238"}],"curies":[{"name":"wp","href":"https:\/\/api.w.org\/{rel}","templated":true}]}}