{"id":16237,"date":"2024-07-31T12:41:59","date_gmt":"2024-07-31T18:41:59","guid":{"rendered":"https:\/\/fge.oaxaca.gob.mx\/?post_type=noticias&amp;p=6914"},"modified":"2024-07-31T12:41:59","modified_gmt":"2024-07-31T18:41:59","slug":"boletin-875-obtiene-fgeo-vinculacion-a-proceso-contra-imputado-por-violencia-familiar-cometida-en-la-region-de-la-costa","status":"publish","type":"noticias","link":"https:\/\/portal.fgeo.gob.mx\/index.php\/archivos\/noticias\/boletin-875-obtiene-fgeo-vinculacion-a-proceso-contra-imputado-por-violencia-familiar-cometida-en-la-region-de-la-costa","title":{"rendered":"BOLET\u00cdN 875.- Obtiene FGEO vinculaci\u00f3n a proceso contra imputado por violencia familiar cometida en la regi\u00f3n de la Costa"},"content":{"rendered":"<p>Oaxaca de Ju\u00e1rez, Oax. 31 de julio de 2024.- Como parte de la estrategia de cero tolerancia a delitos contra la mujer por raz\u00f3n de g\u00e9nero, la Fiscal\u00eda General del Estado de Oaxaca (FGEO), obtuvo auto de vinculaci\u00f3n a proceso y prisi\u00f3n preventiva en contra de una persona del sexo masculino identificada como L.A.C.D., por el delito de violencia familiar cometido en agravio de su pareja L.R.S.R., hechos ocurridos en la regi\u00f3n de la Costa.<\/p>\n<p>De acuerdo con lo asentado en el expediente penal del caso, la v\u00edctima fue agredida el 25 de junio de 2024, en el interior de un domicilio ubicado en el &#8220;Barrio Grande&#8221; del municipio de Santa Catarina Juquila.<\/p>\n<p>Tras la denuncia interpuesta, la FGEO tom\u00f3 conocimiento del caso y, a trav\u00e9s de la Vicefiscal\u00eda Regional de la Costa, inici\u00f3 las investigaciones correspondientes, logrando obtener una orden de aprehensi\u00f3n contra L.A.C.D., quien fue detenido por elementos de la Agencia Estatal de Investigaciones (AEI) para posteriormente presentarlo ante el juzgado correspondiente.<\/p>\n<p>Una vez presentado ante la autoridad competente y tras aportar las pruebas ministeriales, el Juez que atiende la causa dict\u00f3 auto de vinculaci\u00f3n a proceso en contra del imputado por el delito de violencia familiar e impuso la medida cautelar de prisi\u00f3n preventiva justificada, otorgando el plazo de dos meses para el cierre de investigaci\u00f3n complementaria<\/p>\n<p>La Fiscal\u00eda General del Estado de Oaxaca refrenda su compromiso de trabajar para entregar resultados inmediatos y no dejar en la impunidad hechos que vulneren o atenten contra la integridad de las v\u00edctimas.<\/p>\n<p>&nbsp;<\/p>\n","protected":false},"author":2,"featured_media":6836,"comment_status":"closed","ping_status":"closed","template":"","tags":[],"categoria_noticias":[],"class_list":["post-16237","noticias","type-noticias","status-publish","has-post-thumbnail","hentry"],"acf":[],"mb":[],"mfb_rest_fields":["title","gutenberg_elementor_mode"],"_links":{"self":[{"href":"https:\/\/portal.fgeo.gob.mx\/index.php\/wp-json\/wp\/v2\/noticias\/16237","targetHints":{"allow":["GET"]}}],"collection":[{"href":"https:\/\/portal.fgeo.gob.mx\/index.php\/wp-json\/wp\/v2\/noticias"}],"about":[{"href":"https:\/\/portal.fgeo.gob.mx\/index.php\/wp-json\/wp\/v2\/types\/noticias"}],"author":[{"embeddable":true,"href":"https:\/\/portal.fgeo.gob.mx\/index.php\/wp-json\/wp\/v2\/users\/2"}],"replies":[{"embeddable":true,"href":"https:\/\/portal.fgeo.gob.mx\/index.php\/wp-json\/wp\/v2\/comments?post=16237"}],"wp:featuredmedia":[{"embeddable":true,"href":"https:\/\/portal.fgeo.gob.mx\/index.php\/wp-json\/"}],"wp:attachment":[{"href":"https:\/\/portal.fgeo.gob.mx\/index.php\/wp-json\/wp\/v2\/media?parent=16237"}],"wp:term":[{"taxonomy":"post_tag","embeddable":true,"href":"https:\/\/portal.fgeo.gob.mx\/index.php\/wp-json\/wp\/v2\/tags?post=16237"},{"taxonomy":"categoria_noticias","embeddable":true,"href":"https:\/\/portal.fgeo.gob.mx\/index.php\/wp-json\/wp\/v2\/categoria_noticias?post=16237"}],"curies":[{"name":"wp","href":"https:\/\/api.w.org\/{rel}","templated":true}]}}