{"id":16232,"date":"2024-07-30T09:45:47","date_gmt":"2024-07-30T15:45:47","guid":{"rendered":"https:\/\/fge.oaxaca.gob.mx\/?post_type=noticias&amp;p=6898"},"modified":"2024-07-30T09:45:47","modified_gmt":"2024-07-30T15:45:47","slug":"boletin-871-fgeo-lleva-ante-juez-y-obtiene-prision-preventiva-en-contra-de-e-c-u-alias-el-chincoya-considerado-como-objetivo-prioritario-y-uno-de-los-principales-generadores-d","status":"publish","type":"noticias","link":"https:\/\/portal.fgeo.gob.mx\/index.php\/archivos\/noticias\/boletin-871-fgeo-lleva-ante-juez-y-obtiene-prision-preventiva-en-contra-de-e-c-u-alias-el-chincoya-considerado-como-objetivo-prioritario-y-uno-de-los-principales-generadores-d","title":{"rendered":"BOLET\u00cdN 871.- FGEO lleva ante Juez y obtiene prisi\u00f3n preventiva en contra de E. C. U., alias \u201cEl Chincoya\u201d, considerado como objetivo prioritario y uno de los principales generadores de violencia en la regi\u00f3n el Istmo de Tehuantepec"},"content":{"rendered":"<p>Oaxaca de Ju\u00e1rez, Oax. 30 de julio de 2024.- La Fiscal\u00eda General del Estado de Oaxaca (FGEO) present\u00f3 ante el Juez que atiende la causa a E. C. U., alias \u201cEl Chincoya\u201d, por el delito contra la salud en su modalidad de narcomenudeo en la hip\u00f3tesis de posesi\u00f3n con fines de comercio o suministro, quien calific\u00f3 como legal la detenci\u00f3n adem\u00e1s que se hizo la solicitud para la Vinculaci\u00f3n a Proceso; esta persona es considerada un objetivo prioritario por su probable participaci\u00f3n en actividades delictivas en la regi\u00f3n del Istmo de Tehuantepec.<\/p>\n<p>&nbsp;<\/p>\n<p>En el desahogo de la audiencia inicial, el Juez de Control decret\u00f3 como legal la detenci\u00f3n de E. C. U., alias \u201cEl Chincoya\u201d, adem\u00e1s que se comunic\u00f3 la imputaci\u00f3n y se le impuso la medida cautela de prisi\u00f3n preventiva de manera provisional a espera de la resoluci\u00f3n luego de solicitar auto de vinculaci\u00f3n a proceso en contra del imputado.<\/p>\n<p>&nbsp;<\/p>\n<p>La tarde de este 26 de julio de 2024, elementos de la Agencia Estatal de Investigaciones (AEI), perteneciente a la FGEO, dieron seguimiento al veh\u00edculo en el que viajaba el detenido, al que dieron alcance cuando se detuvo en un hotel ubicado en el Boulevard Eduardo Vasconcelos.<\/p>\n<p>&nbsp;<\/p>\n<p>Al momento de su detenci\u00f3n, se logr\u00f3 el aseguramiento de dinero en efectivo, as\u00ed como diferentes dosis y cantidades de diversas drogas.<\/p>\n<p>&nbsp;<\/p>\n<p>Tras estas acciones derivadas de los trabajos de inteligencia criminal a cargo de la FGEO, E. C. U., alias \u201cEl Chincoya\u201d fue puesto a disposici\u00f3n de la autoridad ministerial correspondiente que realiza los trabajos que revelaron que el imputado podr\u00eda estar relacionado con actividades delictivas en la regi\u00f3n del Istmo de Tehuantepec, donde ser\u00eda considerado uno los principales generadores de violencia en dicha zona de Oaxaca.<\/p>\n<p>&nbsp;<\/p>\n<p>La Fiscal\u00eda General del Estado de Oaxaca aplica protocolos y t\u00e9cnicas de inteligencia como parte importante de los trabajos de investigaci\u00f3n para hacer m\u00e1s efectivas las labores ministeriales para la procuraci\u00f3n de justicia a favor de las v\u00edctimas y la sociedad.<\/p>\n<p><img fetchpriority=\"high\" decoding=\"async\" class=\"alignnone size-medium wp-image-6899\" src=\"https:\/\/portal.fgeo.gob.mx\/wp-content\/uploads\/2024\/07\/WhatsApp-Image-2024-07-30-at-09.38.01-225x300.jpeg\" alt=\"\" width=\"225\" height=\"300\" \/><\/p>\n","protected":false},"author":2,"featured_media":6836,"comment_status":"closed","ping_status":"closed","template":"","tags":[],"categoria_noticias":[],"class_list":["post-16232","noticias","type-noticias","status-publish","has-post-thumbnail","hentry"],"acf":[],"mb":[],"mfb_rest_fields":["title","gutenberg_elementor_mode"],"_links":{"self":[{"href":"https:\/\/portal.fgeo.gob.mx\/index.php\/wp-json\/wp\/v2\/noticias\/16232","targetHints":{"allow":["GET"]}}],"collection":[{"href":"https:\/\/portal.fgeo.gob.mx\/index.php\/wp-json\/wp\/v2\/noticias"}],"about":[{"href":"https:\/\/portal.fgeo.gob.mx\/index.php\/wp-json\/wp\/v2\/types\/noticias"}],"author":[{"embeddable":true,"href":"https:\/\/portal.fgeo.gob.mx\/index.php\/wp-json\/wp\/v2\/users\/2"}],"replies":[{"embeddable":true,"href":"https:\/\/portal.fgeo.gob.mx\/index.php\/wp-json\/wp\/v2\/comments?post=16232"}],"wp:featuredmedia":[{"embeddable":true,"href":"https:\/\/portal.fgeo.gob.mx\/index.php\/wp-json\/"}],"wp:attachment":[{"href":"https:\/\/portal.fgeo.gob.mx\/index.php\/wp-json\/wp\/v2\/media?parent=16232"}],"wp:term":[{"taxonomy":"post_tag","embeddable":true,"href":"https:\/\/portal.fgeo.gob.mx\/index.php\/wp-json\/wp\/v2\/tags?post=16232"},{"taxonomy":"categoria_noticias","embeddable":true,"href":"https:\/\/portal.fgeo.gob.mx\/index.php\/wp-json\/wp\/v2\/categoria_noticias?post=16232"}],"curies":[{"name":"wp","href":"https:\/\/api.w.org\/{rel}","templated":true}]}}