{"id":16223,"date":"2024-07-23T10:18:38","date_gmt":"2024-07-23T16:18:38","guid":{"rendered":"https:\/\/fge.oaxaca.gob.mx\/?post_type=noticias&amp;p=6821"},"modified":"2024-07-23T10:18:38","modified_gmt":"2024-07-23T16:18:38","slug":"boletin-860-ejecuta-fgeo-orden-de-aprehension-por-abuso-sexual-agravado-ocurrido-en-la-region-de-la-cuenca-del-papaloapan","status":"publish","type":"noticias","link":"https:\/\/portal.fgeo.gob.mx\/index.php\/archivos\/noticias\/boletin-860-ejecuta-fgeo-orden-de-aprehension-por-abuso-sexual-agravado-ocurrido-en-la-region-de-la-cuenca-del-papaloapan","title":{"rendered":"BOLET\u00cdN 860.- Ejecuta FGEO orden de aprehensi\u00f3n por abuso sexual agravado, ocurrido en la regi\u00f3n de la Cuenca del Papaloapan"},"content":{"rendered":"<p>Oaxaca de Ju\u00e1rez, Oax. 23 de julio de 2024.- Como parte de la estrategia de cero tolerancia a delitos contra la mujer por raz\u00f3n de g\u00e9nero, la Fiscal\u00eda General del Estado de Oaxaca (FGEO) dio cumplimiento a una orden de aprehensi\u00f3n en contra de una persona del sexo masculino identificada como J.N.A., por el delito de Abuso Sexual Agravado, ocurrido en la regi\u00f3n de la Cuenca del Papaloapan.<\/p>\n<p>&nbsp;<\/p>\n<p>Conforme a lo establecido en el expediente penal del caso, la agresi\u00f3n sexual en agravio de la v\u00edctima, ocurri\u00f3 el 9 de abril de 2023, en la comunidad de La Raya Soyaltepec, perteneciente al municipio de San Lucas Ojitl\u00e1n.<\/p>\n<p>&nbsp;<\/p>\n<p>Cuando la FGEO recibi\u00f3 la denuncia correspondiente, inici\u00f3 las investigaciones a trav\u00e9s de la Vicefiscal\u00eda Regional de la Cuenca y derivado de los resultados se obtuvo una orden de aprehensi\u00f3n la cual se le dio cumplimiento con un operativo encabezado por la Agencia Estatal de Investigaciones (AEI) que logr\u00f3 la detenci\u00f3n de J.N.A., quien fue puesto a disposici\u00f3n de la autoridad competente que lo requiri\u00f3.<\/p>\n<p>&nbsp;<\/p>\n<p>La Fiscal\u00eda del Estado de Oaxaca refrenda su compromiso de brindar una atenci\u00f3n integral y efectiva a las v\u00edctimas, especialmente cuando se trata de delitos cometidos en contra de ni\u00f1as, ni\u00f1os y adolescentes a efecto de garantizar el derecho a tener una vida libre de violencia.<\/p>\n<p><img fetchpriority=\"high\" decoding=\"async\" class=\"alignnone size-medium wp-image-6822\" src=\"https:\/\/portal.fgeo.gob.mx\/wp-content\/uploads\/2024\/07\/Dise%C3%B1o-sin-t%C3%ADtulo-2-300x225.jpg\" alt=\"\" width=\"300\" height=\"225\" \/><\/p>\n","protected":false},"author":2,"featured_media":6566,"comment_status":"closed","ping_status":"closed","template":"","tags":[],"categoria_noticias":[],"class_list":["post-16223","noticias","type-noticias","status-publish","has-post-thumbnail","hentry"],"acf":[],"mb":[],"mfb_rest_fields":["title","gutenberg_elementor_mode"],"_links":{"self":[{"href":"https:\/\/portal.fgeo.gob.mx\/index.php\/wp-json\/wp\/v2\/noticias\/16223","targetHints":{"allow":["GET"]}}],"collection":[{"href":"https:\/\/portal.fgeo.gob.mx\/index.php\/wp-json\/wp\/v2\/noticias"}],"about":[{"href":"https:\/\/portal.fgeo.gob.mx\/index.php\/wp-json\/wp\/v2\/types\/noticias"}],"author":[{"embeddable":true,"href":"https:\/\/portal.fgeo.gob.mx\/index.php\/wp-json\/wp\/v2\/users\/2"}],"replies":[{"embeddable":true,"href":"https:\/\/portal.fgeo.gob.mx\/index.php\/wp-json\/wp\/v2\/comments?post=16223"}],"wp:featuredmedia":[{"embeddable":true,"href":"https:\/\/portal.fgeo.gob.mx\/index.php\/wp-json\/wp\/v2\/media\/6566"}],"wp:attachment":[{"href":"https:\/\/portal.fgeo.gob.mx\/index.php\/wp-json\/wp\/v2\/media?parent=16223"}],"wp:term":[{"taxonomy":"post_tag","embeddable":true,"href":"https:\/\/portal.fgeo.gob.mx\/index.php\/wp-json\/wp\/v2\/tags?post=16223"},{"taxonomy":"categoria_noticias","embeddable":true,"href":"https:\/\/portal.fgeo.gob.mx\/index.php\/wp-json\/wp\/v2\/categoria_noticias?post=16223"}],"curies":[{"name":"wp","href":"https:\/\/api.w.org\/{rel}","templated":true}]}}