{"id":16222,"date":"2024-07-19T14:49:00","date_gmt":"2024-07-19T20:49:00","guid":{"rendered":"https:\/\/fge.oaxaca.gob.mx\/?post_type=noticias&amp;p=6809"},"modified":"2024-07-19T14:49:00","modified_gmt":"2024-07-19T20:49:00","slug":"boletin-859-implementa-fgeo-estrategia-integral-de-atencion-y-prevencion-del-delito-durante-festividades-de-la-guelaguetza","status":"publish","type":"noticias","link":"https:\/\/portal.fgeo.gob.mx\/index.php\/archivos\/noticias\/boletin-859-implementa-fgeo-estrategia-integral-de-atencion-y-prevencion-del-delito-durante-festividades-de-la-guelaguetza","title":{"rendered":"BOLET\u00cdN 859.- Implementa FGEO estrategia integral de atenci\u00f3n y prevenci\u00f3n del delito durante festividades de la Guelaguetza"},"content":{"rendered":"<p>Oaxaca de Ju\u00e1rez, Oax. 19 de julio de 2024.- Al presentar la \u201cEstrategia de Prevenci\u00f3n y Atenci\u00f3n del Delito durante las Festividades de la Guelaguetza 2024\u201d, el Fiscal General del Estado Bernardo Rodr\u00edguez Alamilla explic\u00f3 que a trav\u00e9s este despliegue operativo se busca atender en forma integral el fen\u00f3meno delictivo, por lo que implementan acciones proactivas que atiendan tanto la parte correctiva como preventiva, la cual estar\u00e1 enfocada a inhibir conductas delictivas<\/p>\n<p>&nbsp;<\/p>\n<p>Acompa\u00f1ado por la secretar\u00eda Ejecutiva del Sistema Estatal de Seguridad P\u00fablica Karina Bar\u00f3n Ort\u00edz; el secretario de Seguridad P\u00fablica y de Protecci\u00f3n Ciudadana Iv\u00e1n Garc\u00eda \u00c1lvarez; el coordinador General de la Agencia Estatal de Investigaciones Jaciel V\u00e1squez Castro; la directora del Centro de Orientaci\u00f3n, Denuncia y Determinaci\u00f3n Inmediata Hilda Cabrera Dom\u00ednguez, el encargado de la Vicefiscal\u00eda General de Atenci\u00f3n a V\u00edctimas Ad\u00e1n Jairo Garc\u00eda Bautista; el Fiscal Bernardo Rodr\u00edguez resalt\u00f3 que estas estrategias est\u00e1n orientadas a recuperar la confianza de la ciudadan\u00eda.<\/p>\n<p>&nbsp;<\/p>\n<p>Rodr\u00edguez Alamilla explic\u00f3 que el proceso de reingenier\u00eda institucional implementado en la Fiscal\u00eda General del Estado de Oaxaca, est\u00e1 orientada en darle un rostro humano a la instituci\u00f3n, por ello, se realizan acciones que acerquen los servicios, pues, encaminan las pol\u00edticas de atenci\u00f3n en forma proactiva, lo que implica salir de las oficinas y estar en los espacios en los que se necesitan los servicios.<\/p>\n<p>&nbsp;<\/p>\n<p>A\u00f1adi\u00f3 que la \u201cEstrategia de Prevenci\u00f3n y Atenci\u00f3n del Delito durante las Festividades de la Guelaguetza 2024, tiene un dise\u00f1o que integra tanto el enfoque correctivo como preventivo, pues, se busca potenciar la efectividad de las intervenciones la Fiscal\u00eda General del Estado de Oaxaca, y as\u00ed mejorar los procesos de atenci\u00f3n a quienes viven en la entidad, pero especialmente a quienes visitan el territorio oaxaque\u00f1o.<\/p>\n<p>&nbsp;<\/p>\n<p>El Fiscal Bernardo Rodr\u00edguez Alamilla detall\u00f3 que se ofrecer\u00e1n los servicios de la Unidad de B\u00fasqueda y Localizaci\u00f3n de Personas, adem\u00e1s que personal del Centro de Orientaci\u00f3n, Denuncia y Determinaci\u00f3n Inmediata junto con integrantes de la Agencia Estatal de Investigaciones brindar\u00e1n atenci\u00f3n y orientaci\u00f3n a quienes pudieran ser v\u00edctimas de alg\u00fan hecho delictivo, adem\u00e1s se han dise\u00f1ado una serie de acciones enfocadas a disuadir conductas delictivas.<\/p>\n<p>&nbsp;<\/p>\n<p>Puntualiz\u00f3 que los m\u00f3dulos de atenci\u00f3n estar\u00e1n estrat\u00e9gicamente distribuidos en zonas como el Cerro del Fort\u00edn, el Centro Cultural y de Convenciones que ser\u00e1 la sede de la Feria del Mezcal, el Centro Hist\u00f3rico, pues estos espacios son en los que se prev\u00e9 que se presente un mayor afluente de turistas.<\/p>\n<p>&nbsp;<\/p>\n<p>Mientras que al intervenir la secretar\u00eda Ejecutiva del Sistema Estatal de Seguridad P\u00fablica Karina Bar\u00f3n Ortiz reconoci\u00f3 que este tipo de acciones que contribuyen a garantizar la seguridad de las personas, especialmente en el marco de las fiestas de la Guelaguetza, por ello, es necesario que las diferentes instancias relacionadas con la seguridad y procuraci\u00f3n de justicia hagan equipo.<\/p>\n<p>&nbsp;<\/p>\n<p>Por su parte el Secretario de Seguridad y Protecci\u00f3n Ciudadana, Iv\u00e1n Garc\u00eda \u00c1lvarez dijo que esta acci\u00f3n emprendida por la Fiscal\u00eda General del Estado contribuye a generar mejores condiciones de seguridad durante la fiesta m\u00e1xima de la entidad, lo que permitir\u00e1 generar un ambiente pac\u00edfico y seguro.<\/p>\n<p>&nbsp;<\/p>\n<p>Finalmente, la Fiscal\u00eda General del Estado de Oaxaca a trav\u00e9s de la Estrategia de Prevenci\u00f3n y Atenci\u00f3n del Delito durante las Festividades de la Guelaguetza 2024\u201d, acercar\u00e1 los servicios al turismo, as\u00ed como a la sociedad en general, para que puedan disfrutar de las tradiciones y la cultura de la entidad en condiciones de seguridad y paz.<\/p>\n<p><img fetchpriority=\"high\" decoding=\"async\" class=\"alignnone size-medium wp-image-6810\" src=\"https:\/\/portal.fgeo.gob.mx\/wp-content\/uploads\/2024\/07\/WhatsApp-Image-2024-07-19-at-14.41.17-300x168.jpeg\" alt=\"\" width=\"300\" height=\"168\" \/> <img decoding=\"async\" class=\"alignnone size-medium wp-image-6811\" src=\"https:\/\/portal.fgeo.gob.mx\/wp-content\/uploads\/2024\/07\/WhatsApp-Image-2024-07-19-at-14.41.05-1-300x200.jpeg\" alt=\"\" width=\"300\" height=\"200\" \/> <img decoding=\"async\" class=\"alignnone size-medium wp-image-6812\" src=\"https:\/\/portal.fgeo.gob.mx\/wp-content\/uploads\/2024\/07\/WhatsApp-Image-2024-07-19-at-14.41.05-300x200.jpeg\" alt=\"\" width=\"300\" height=\"200\" \/> <img loading=\"lazy\" decoding=\"async\" class=\"alignnone size-medium wp-image-6813\" src=\"https:\/\/portal.fgeo.gob.mx\/wp-content\/uploads\/2024\/07\/WhatsApp-Image-2024-07-19-at-14.41.04-7-300x200.jpeg\" alt=\"\" width=\"300\" height=\"200\" \/> <img loading=\"lazy\" decoding=\"async\" class=\"alignnone size-medium wp-image-6814\" src=\"https:\/\/portal.fgeo.gob.mx\/wp-content\/uploads\/2024\/07\/WhatsApp-Image-2024-07-19-at-14.41.04-6-300x200.jpeg\" alt=\"\" width=\"300\" height=\"200\" \/> <img loading=\"lazy\" decoding=\"async\" class=\"alignnone size-medium wp-image-6815\" src=\"https:\/\/portal.fgeo.gob.mx\/wp-content\/uploads\/2024\/07\/WhatsApp-Image-2024-07-19-at-14.41.04-5-300x200.jpeg\" alt=\"\" width=\"300\" height=\"200\" \/> <img loading=\"lazy\" decoding=\"async\" class=\"alignnone size-medium wp-image-6816\" src=\"https:\/\/portal.fgeo.gob.mx\/wp-content\/uploads\/2024\/07\/WhatsApp-Image-2024-07-19-at-14.41.04-4-300x200.jpeg\" alt=\"\" width=\"300\" height=\"200\" \/> <img loading=\"lazy\" decoding=\"async\" class=\"alignnone size-medium wp-image-6817\" src=\"https:\/\/portal.fgeo.gob.mx\/wp-content\/uploads\/2024\/07\/WhatsApp-Image-2024-07-19-at-14.41.04-3-300x200.jpeg\" alt=\"\" width=\"300\" height=\"200\" \/> <img loading=\"lazy\" decoding=\"async\" class=\"alignnone size-medium wp-image-6818\" src=\"https:\/\/portal.fgeo.gob.mx\/wp-content\/uploads\/2024\/07\/WhatsApp-Image-2024-07-19-at-14.41.04-2-200x300.jpeg\" alt=\"\" width=\"200\" height=\"300\" \/> <img loading=\"lazy\" decoding=\"async\" class=\"alignnone size-medium wp-image-6819\" src=\"https:\/\/portal.fgeo.gob.mx\/wp-content\/uploads\/2024\/07\/WhatsApp-Image-2024-07-19-at-14.41.04-1-300x200.jpeg\" alt=\"\" width=\"300\" height=\"200\" \/> <img loading=\"lazy\" decoding=\"async\" class=\"alignnone size-medium wp-image-6820\" src=\"https:\/\/portal.fgeo.gob.mx\/wp-content\/uploads\/2024\/07\/WhatsApp-Image-2024-07-19-at-14.41.04-300x200.jpeg\" alt=\"\" width=\"300\" height=\"200\" \/><\/p>\n<p>&nbsp;<\/p>\n","protected":false},"author":2,"featured_media":6566,"comment_status":"closed","ping_status":"closed","template":"","tags":[],"categoria_noticias":[],"class_list":["post-16222","noticias","type-noticias","status-publish","has-post-thumbnail","hentry"],"acf":[],"mb":[],"mfb_rest_fields":["title","gutenberg_elementor_mode"],"_links":{"self":[{"href":"https:\/\/portal.fgeo.gob.mx\/index.php\/wp-json\/wp\/v2\/noticias\/16222","targetHints":{"allow":["GET"]}}],"collection":[{"href":"https:\/\/portal.fgeo.gob.mx\/index.php\/wp-json\/wp\/v2\/noticias"}],"about":[{"href":"https:\/\/portal.fgeo.gob.mx\/index.php\/wp-json\/wp\/v2\/types\/noticias"}],"author":[{"embeddable":true,"href":"https:\/\/portal.fgeo.gob.mx\/index.php\/wp-json\/wp\/v2\/users\/2"}],"replies":[{"embeddable":true,"href":"https:\/\/portal.fgeo.gob.mx\/index.php\/wp-json\/wp\/v2\/comments?post=16222"}],"wp:featuredmedia":[{"embeddable":true,"href":"https:\/\/portal.fgeo.gob.mx\/index.php\/wp-json\/wp\/v2\/media\/6566"}],"wp:attachment":[{"href":"https:\/\/portal.fgeo.gob.mx\/index.php\/wp-json\/wp\/v2\/media?parent=16222"}],"wp:term":[{"taxonomy":"post_tag","embeddable":true,"href":"https:\/\/portal.fgeo.gob.mx\/index.php\/wp-json\/wp\/v2\/tags?post=16222"},{"taxonomy":"categoria_noticias","embeddable":true,"href":"https:\/\/portal.fgeo.gob.mx\/index.php\/wp-json\/wp\/v2\/categoria_noticias?post=16222"}],"curies":[{"name":"wp","href":"https:\/\/api.w.org\/{rel}","templated":true}]}}