{"id":16221,"date":"2024-07-19T08:00:04","date_gmt":"2024-07-19T14:00:04","guid":{"rendered":"https:\/\/fge.oaxaca.gob.mx\/?post_type=noticias&amp;p=6806"},"modified":"2024-07-19T08:00:04","modified_gmt":"2024-07-19T14:00:04","slug":"boletin-858-aprehende-fgeo-a-un-hombre-por-el-delito-de-homicidio-cometido-contra-regidor-de-santiago-laollaga-en-la-region-del-istmo","status":"publish","type":"noticias","link":"https:\/\/portal.fgeo.gob.mx\/index.php\/archivos\/noticias\/boletin-858-aprehende-fgeo-a-un-hombre-por-el-delito-de-homicidio-cometido-contra-regidor-de-santiago-laollaga-en-la-region-del-istmo","title":{"rendered":"BOLET\u00cdN 858.- Aprehende FGEO a un hombre por el delito de homicidio cometido contra regidor de Santiago Laollaga, en la regi\u00f3n del Istmo"},"content":{"rendered":"<p>&nbsp;<\/p>\n<p>Oaxaca de Ju\u00e1rez, Oax., a 19 de julio de 2024.- La investigaci\u00f3n de delitos de alto impacto que realiza la Fiscal\u00eda General del Estado de Oaxaca (FGEO) dio cumplimiento a una orden de aprehensi\u00f3n en contra de una persona del sexo masculino identificada como A.M.C., alias &#8220;El Varita&#8221; o &#8220;To\u00f1o Varita&#8221;, por el delito de Homicidio Calificado cometido en la regi\u00f3n del Istmo.<\/p>\n<p>De acuerdo con la causa penal del caso, los hechos ocurrieron el 30 de enero de 2002, cuando la v\u00edctima identificada como M.A.O. (quien se desempe\u00f1aba como regidor de Hacienda del municipio de Santiago Laollaga) se encontraba en inmediaciones del citado ayuntamiento, ubicado en el Barrio de &#8220;Las Palmas, lugar donde fue atacado con disparos de arma de fuego, sufriendo lesiones que le provocaron la muerte.<\/p>\n<p>Ante estos hechos, la Fiscal\u00eda de Oaxaca inici\u00f3 las investigaciones correspondientes a trav\u00e9s de la Vicefiscal\u00eda Regional del Istmo, que dieron como resultado la detenci\u00f3n de A.M.C., alias &#8220;El Varita&#8221; o &#8220;To\u00f1o Varita&#8221;, quien fue puesto a disposici\u00f3n de la autoridad ministerial que lo requiri\u00f3.<\/p>\n<p>La actuaci\u00f3n ministerial respaldada con los resultados de las pruebas cient\u00edficas y periciales que realiza la Fiscal\u00eda de Oaxaca, a trav\u00e9s de las diferentes \u00e1reas de especializaci\u00f3n, hacen m\u00e1s eficientes las labores en torno a la procuraci\u00f3n de justicia a favor de las v\u00edctimas.<\/p>\n<p><img fetchpriority=\"high\" decoding=\"async\" class=\"alignnone size-medium wp-image-6807\" src=\"https:\/\/portal.fgeo.gob.mx\/wp-content\/uploads\/2024\/07\/Dise%C3%B1o-sin-t%C3%ADtulo-1-226x300.jpg\" alt=\"\" width=\"226\" height=\"300\" \/><\/p>\n<p>&nbsp;<\/p>\n","protected":false},"author":2,"featured_media":6566,"comment_status":"closed","ping_status":"closed","template":"","tags":[],"categoria_noticias":[],"class_list":["post-16221","noticias","type-noticias","status-publish","has-post-thumbnail","hentry"],"acf":[],"mb":[],"mfb_rest_fields":["title","gutenberg_elementor_mode"],"_links":{"self":[{"href":"https:\/\/portal.fgeo.gob.mx\/index.php\/wp-json\/wp\/v2\/noticias\/16221","targetHints":{"allow":["GET"]}}],"collection":[{"href":"https:\/\/portal.fgeo.gob.mx\/index.php\/wp-json\/wp\/v2\/noticias"}],"about":[{"href":"https:\/\/portal.fgeo.gob.mx\/index.php\/wp-json\/wp\/v2\/types\/noticias"}],"author":[{"embeddable":true,"href":"https:\/\/portal.fgeo.gob.mx\/index.php\/wp-json\/wp\/v2\/users\/2"}],"replies":[{"embeddable":true,"href":"https:\/\/portal.fgeo.gob.mx\/index.php\/wp-json\/wp\/v2\/comments?post=16221"}],"wp:featuredmedia":[{"embeddable":true,"href":"https:\/\/portal.fgeo.gob.mx\/index.php\/wp-json\/wp\/v2\/media\/6566"}],"wp:attachment":[{"href":"https:\/\/portal.fgeo.gob.mx\/index.php\/wp-json\/wp\/v2\/media?parent=16221"}],"wp:term":[{"taxonomy":"post_tag","embeddable":true,"href":"https:\/\/portal.fgeo.gob.mx\/index.php\/wp-json\/wp\/v2\/tags?post=16221"},{"taxonomy":"categoria_noticias","embeddable":true,"href":"https:\/\/portal.fgeo.gob.mx\/index.php\/wp-json\/wp\/v2\/categoria_noticias?post=16221"}],"curies":[{"name":"wp","href":"https:\/\/api.w.org\/{rel}","templated":true}]}}