{"id":16219,"date":"2024-07-16T17:14:59","date_gmt":"2024-07-16T23:14:59","guid":{"rendered":"https:\/\/fge.oaxaca.gob.mx\/?post_type=noticias&amp;p=6799"},"modified":"2024-07-16T17:14:59","modified_gmt":"2024-07-16T23:14:59","slug":"boletin-853-fiscalia-en-tu-comunidad-permite-un-acercamiento-directo-entre-autoridades-y-el-sector-poblacional-a-fin-de-disminuir-el-fenomeno-delictivo-y-construir-espacios-seguro","status":"publish","type":"noticias","link":"https:\/\/portal.fgeo.gob.mx\/index.php\/archivos\/noticias\/boletin-853-fiscalia-en-tu-comunidad-permite-un-acercamiento-directo-entre-autoridades-y-el-sector-poblacional-a-fin-de-disminuir-el-fenomeno-delictivo-y-construir-espacios-seguro","title":{"rendered":"Bolet\u00edn 853.- \u201cFiscal\u00eda en tu Comunidad\u201d permite un acercamiento directo entre autoridades y el sector poblacional, a fin de disminuir el fen\u00f3meno delictivo y construir espacios seguros: Bernardo Rodr\u00edguez Alamilla"},"content":{"rendered":"<p><strong>Oaxaca de Ju\u00e1rez, Oax. 16 de julio de 2024.- <\/strong>Al inaugurar las jornadas del programa de proximidad social denominado \u201cFiscal\u00eda en tu Comunidad\u201d realizadas en el municipio de San Nicol\u00e1s Yaxe, perteneciente al distrito de Ocotl\u00e1n,\u00a0 el Fiscal General, Bernardo Rodr\u00edguez Alamilla, explic\u00f3 que, este tipo de actividades est\u00e1n dise\u00f1adas para atender, por medio de capacitaciones en materia de seguridad y prevenci\u00f3n del delito, al funcionariado, cuerpos de seguridad municipal, as\u00ed como a la ciudadan\u00eda en general y, de esta forma, construir espacios seguros para todas y todos.<\/p>\n<p>Acompa\u00f1ado por el presidente municipal de San Nicol\u00e1s Yaxe, Maximino Hern\u00e1ndez Ram\u00edrez; el s\u00edndico municipal, Emilio L\u00f3pez Hern\u00e1ndez; la regidora de Hacienda, Er\u00e9ndira Guadalupe L\u00f3pez M\u00e9ndez y el encargado del Despacho de la Vicefiscal\u00eda Regional de Calles Centrales, Samuel Jim\u00e9nez Acevedo; el Fiscal General e Oaxaca, Bernardo Rodr\u00edguez Alamilla indic\u00f3 que, el trabajo en materia de seguridad no es solo responsabilidad de una instituci\u00f3n, sino que tiene que ser trabajo compartido entre las autoridades de los tres niveles de gobierno.<\/p>\n<p>Agreg\u00f3 que, para lograrlo, es indispensable mantener un contacto cercano y continuo con la poblaci\u00f3n, por ello, invit\u00f3 a las autoridades y a la ciudadan\u00eda a que, cuando existan dudas sobre los proceso de procuraci\u00f3n de justicia o hayan sido v\u00edctimas de alg\u00fan delito, tengan la plena confianza de acercarse a la Instituci\u00f3n, \u201cpues nuestro trabajo es coadyuvar con la procuraci\u00f3n de justicia\u201d.<\/p>\n<p>En este sentido, el fiscal Bernardo Rodr\u00edguez Alamilla, hizo un reconocimiento p\u00fablico a quienes integran las polic\u00edas municipales, pues son ellas y ellos los primeros respondientes que hacen las labores iniciales para garantizar la paz y la seguridad en las comunidades.<\/p>\n<p>Finalmente, agreg\u00f3 que esta estrategia es la oportunidad para atender de ra\u00edz las causas del fen\u00f3meno delictivo y para reducir la incidencia de los delitos m\u00e1s recurrentes que se registran en toda la entidad oaxaque\u00f1a, como lo son: violencia familiar, extorsi\u00f3n telef\u00f3nica y el delito gota a gota, brindando informaci\u00f3n a las diferentes autoridades municipales y a la poblaci\u00f3n.<\/p>\n<p>Durante su participaci\u00f3n, el presidente municipal de San Nicol\u00e1s Yaxe, Maximino Hern\u00e1ndez Ram\u00edrez, agradeci\u00f3 la disposici\u00f3n del fiscal general, de las servidoras y servidores p\u00fablicos del organismo aut\u00f3nomo por acercar y ser part\u00edcipes de los diversos procesos de capacitaci\u00f3n que se imparten dentro de las jornadas de \u201cFiscal\u00eda en tu comunidad\u201d.<\/p>\n<p>La actividad, cont\u00f3 tambi\u00e9n con la asistencia del regidor de Obras, Andr\u00e9s Luis Cruz; el regidor de Educaci\u00f3n, Vidal Arango Luis y la regidora de Salud; Lerma L\u00f3pez Rosario y dem\u00e1s integrantes del cabildo municipal.<\/p>\n<p>Como parte de las actividades del programa \u201cFiscal\u00eda en tu Comunidad\u201d en este municipio se impartieron los talleres dirigidos a elementos de la polic\u00eda municipal \u201cPrimer Respondiente\u201d, a cargo del Instituto de Formaci\u00f3n y Capacitaci\u00f3n Profesional; \u201cEl Sistema de Justicia para Adolescentes\u201d, a cargo de la Fiscal\u00eda Especializada en Justicia para Adolescentes.<\/p>\n<p>Asimismo, el taller delito \u201cGota a Gota\u201d, a cargo de la Vicefiscal\u00eda Regional de Valles Centrales; el taller \u201cFormas de Extorsi\u00f3n\u201d a cargo de la Fiscal\u00eda Especializada para la Atenci\u00f3n a Delitos de Alto Impacto; la sesi\u00f3n Unidad de B\u00fasqueda de Personas Desaparecidas y No Localizadas, a cargo de la Direcci\u00f3n de Prevenci\u00f3n del Delito; el taller dirigido a mujeres de la comunidad \u201cViolencia Familiar\u201d y \u201cConociendo el CEJUM y sus servicios\u201d a cargo del Centro de Justicia para las Mujeres, adem\u00e1s de brindar el servicio de Ludoteca dirigido a ni\u00f1as y ni\u00f1os.<\/p>\n","protected":false},"author":2,"featured_media":6800,"comment_status":"closed","ping_status":"closed","template":"","tags":[],"categoria_noticias":[],"class_list":["post-16219","noticias","type-noticias","status-publish","has-post-thumbnail","hentry"],"acf":[],"mb":[],"mfb_rest_fields":["title","gutenberg_elementor_mode"],"_links":{"self":[{"href":"https:\/\/portal.fgeo.gob.mx\/index.php\/wp-json\/wp\/v2\/noticias\/16219","targetHints":{"allow":["GET"]}}],"collection":[{"href":"https:\/\/portal.fgeo.gob.mx\/index.php\/wp-json\/wp\/v2\/noticias"}],"about":[{"href":"https:\/\/portal.fgeo.gob.mx\/index.php\/wp-json\/wp\/v2\/types\/noticias"}],"author":[{"embeddable":true,"href":"https:\/\/portal.fgeo.gob.mx\/index.php\/wp-json\/wp\/v2\/users\/2"}],"replies":[{"embeddable":true,"href":"https:\/\/portal.fgeo.gob.mx\/index.php\/wp-json\/wp\/v2\/comments?post=16219"}],"wp:featuredmedia":[{"embeddable":true,"href":"https:\/\/portal.fgeo.gob.mx\/index.php\/wp-json\/"}],"wp:attachment":[{"href":"https:\/\/portal.fgeo.gob.mx\/index.php\/wp-json\/wp\/v2\/media?parent=16219"}],"wp:term":[{"taxonomy":"post_tag","embeddable":true,"href":"https:\/\/portal.fgeo.gob.mx\/index.php\/wp-json\/wp\/v2\/tags?post=16219"},{"taxonomy":"categoria_noticias","embeddable":true,"href":"https:\/\/portal.fgeo.gob.mx\/index.php\/wp-json\/wp\/v2\/categoria_noticias?post=16219"}],"curies":[{"name":"wp","href":"https:\/\/api.w.org\/{rel}","templated":true}]}}