{"id":16215,"date":"2024-07-15T16:58:25","date_gmt":"2024-07-15T22:58:25","guid":{"rendered":"https:\/\/fge.oaxaca.gob.mx\/?post_type=noticias&amp;p=6785"},"modified":"2024-07-15T16:58:25","modified_gmt":"2024-07-15T22:58:25","slug":"reconstruir-la-confianza-ciudadana-prioridad-del-programa-fiscalia-en-tu-comunidad-bernardo-rodriguez-alamilla","status":"publish","type":"noticias","link":"https:\/\/portal.fgeo.gob.mx\/index.php\/archivos\/noticias\/reconstruir-la-confianza-ciudadana-prioridad-del-programa-fiscalia-en-tu-comunidad-bernardo-rodriguez-alamilla","title":{"rendered":"Bolet\u00edn 849.- Reconstruir la confianza ciudadana, prioridad del programa \u201cFiscal\u00eda en tu comunidad\u201d: Bernardo Rodr\u00edguez Alamilla"},"content":{"rendered":"<p><strong>Oaxaca de Ju\u00e1rez, Oax. 15 de julio de 2024.-\u00a0<\/strong>A fin de fortalecer la colaboraci\u00f3n con las diferentes autoridades municipales para mejorar los procesos de procuraci\u00f3n de justicia en la entidad, la Fiscal\u00eda General del Estado de Oaxaca (FGEO) llev\u00f3 a San Raymundo Jalpan el programa de proximidad social \u201cFiscal\u00eda en tu comunidad\u201d, por medio del cual se brinda atenci\u00f3n informativa a la ciudadan\u00eda, adem\u00e1s de acercar los servicios del organismo e impartir talleres y capacitaciones prioritarias en materia de prevenci\u00f3n del delito.<\/p>\n<p>Acompa\u00f1ado por el presidente municipal de San Raymundo Jalpan, Pablo Mendoza V\u00e1squez; el s\u00edndico municipal, Eliseo Ben\u00edtez Hern\u00e1ndez; la regidora de Hacienda, Martha Angelica Mendoza Marqu\u00e9s; de la titular de la Instancia municipal de las Mujeres, Yesenia Hern\u00e1ndez Cosme y dem\u00e1s integrantes del cabildo municipal; el Fiscal General, Bernardo Rodr\u00edguez Alamilla, agradeci\u00f3 la invitaci\u00f3n de las autoridades, por permitir el acercamiento a ese municipio de las jornadas de trabajo, las cuales forman parte de la estrategia de prevenci\u00f3n en materia de seguridad p\u00fablica que se implementa en la entidad oaxaque\u00f1a.<\/p>\n<p>Rodr\u00edguez Alamilla expuso que, una de las prioridades del programa \u201cFiscal\u00eda en tu comunidad\u201d, es reconstruir la confianza con la ciudadan\u00eda, mediante acciones que permitan acercar los servicios y capacitaciones, adem\u00e1s de brindar informaci\u00f3n a las personas, y que estas herramientas les permitan hacer frente a las distintas modalidades del delito.<\/p>\n<p>\u201cCon esta estrategia tambi\u00e9n se busca disminuir la incidencia delictiva a lo largo de la entidad y, para lograrlo, se busca poner mayor \u00e9nfasis en el fortalecimiento de las polic\u00edas municipales que son actores fundamentales pues, al ser los primeros respondientes, su actuaci\u00f3n es clave, por tal motivo, se deben brindar las herramientas necesarias para que ellas y ellos puedan realizar mejor sus actividades\u201d, agreg\u00f3 el Fiscal General, Rodr\u00edguez Alamilla.<\/p>\n<p>Rodr\u00edguez Alamilla indic\u00f3 que, otro de los objetivos del programa \u201cFiscal\u00eda en tu Comunidad\u201d es abordar desde un enfoque preventivo los delitos m\u00e1s recurrentes, como \u201cViolencia Familiar\u201d, \u201cExtorsi\u00f3n Telef\u00f3nica\u201d y el delito \u201cGota a Gota\u201d.<\/p>\n<p>Ante ello, el Fiscal General, Bernardo Rodr\u00edguez A lamilla, reiter\u00f3 que \u201cse debe poner un esfuerzo para evitar que estos delitos sucedan, de ah\u00ed, la importancia de acercar nuestro trabajo y de brindarles a las comunidades las herramientas que impidan caer en estos delitos, pues la disminuci\u00f3n del fen\u00f3meno delictivo no es responsabilidad de una sola autoridad, sino un trabajo que implica la intervenci\u00f3n y participaci\u00f3n activa de todos los actores que conforman la sociedad\u201d.<\/p>\n<p>Durante su mensaje de bienvenida, el presidente municipal de San Raymundo Jalpan, Pablo Mendoza V\u00e1squez agradeci\u00f3 la disposici\u00f3n de la Instituci\u00f3n procuradora de Justicia para acudir a ese municipio, pues dijo, es la primera vez que un fiscal acude a esa comunidad, por tanto, indic\u00f3 que estos talleres y capacitaciones impartidas por personal del personal de la Fiscal\u00eda General de Oaxaca, les permitir\u00e1n brindar un mejor servicio en beneficio de su comunidad.<\/p>\n<p>Como parte de las actividades del programa \u201cFiscal\u00eda en tu Comunidad\u201d en este municipio se impartieron los talleres dirigidos a elementos de la polic\u00eda municipal \u201cPrimer Respondiente\u201d, a cargo del Instituto de Formaci\u00f3n y Capacitaci\u00f3n Profesional; \u201cEl Sistema de Justicia para Adolescentes\u201d, a cargo de la Fiscal\u00eda Especializada en Justicia para Adolescentes; el taller delito \u201cGota a Gota\u201d, a cargo de la Vicefiscal\u00eda Regional de Valles Centrales; el taller \u201cFormas de Extorsi\u00f3n\u201d a cargo de la Fiscal\u00eda Especializada para la Atenci\u00f3n de Alto Impacto; la sesi\u00f3n Unidad de B\u00fasqueda de Personas Desaparecidas y No Localizadas, a cargo de la Direcci\u00f3n de Prevenci\u00f3n del Delito.<\/p>\n<p>As\u00ed como los talleres \u201c\u00d3rdenes de Protecci\u00f3n\u201d, dirigido a s\u00edndicos y sindicas y dem\u00e1s autoridades municipales; el taller dirigido a mujeres \u201cViolencia Familiar\u201d y \u201cConociendo el CEJUM y sus servicios\u201d a cargo del Centro de Justicia para las Mujeres, y se brind\u00f3 el servicio de Ludoteca dirigido a ni\u00f1as y ni\u00f1os.<\/p>\n","protected":false},"author":2,"featured_media":6786,"comment_status":"closed","ping_status":"closed","template":"","tags":[],"categoria_noticias":[],"class_list":["post-16215","noticias","type-noticias","status-publish","has-post-thumbnail","hentry"],"acf":[],"mb":[],"mfb_rest_fields":["title","gutenberg_elementor_mode"],"_links":{"self":[{"href":"https:\/\/portal.fgeo.gob.mx\/index.php\/wp-json\/wp\/v2\/noticias\/16215","targetHints":{"allow":["GET"]}}],"collection":[{"href":"https:\/\/portal.fgeo.gob.mx\/index.php\/wp-json\/wp\/v2\/noticias"}],"about":[{"href":"https:\/\/portal.fgeo.gob.mx\/index.php\/wp-json\/wp\/v2\/types\/noticias"}],"author":[{"embeddable":true,"href":"https:\/\/portal.fgeo.gob.mx\/index.php\/wp-json\/wp\/v2\/users\/2"}],"replies":[{"embeddable":true,"href":"https:\/\/portal.fgeo.gob.mx\/index.php\/wp-json\/wp\/v2\/comments?post=16215"}],"wp:featuredmedia":[{"embeddable":true,"href":"https:\/\/portal.fgeo.gob.mx\/index.php\/wp-json\/"}],"wp:attachment":[{"href":"https:\/\/portal.fgeo.gob.mx\/index.php\/wp-json\/wp\/v2\/media?parent=16215"}],"wp:term":[{"taxonomy":"post_tag","embeddable":true,"href":"https:\/\/portal.fgeo.gob.mx\/index.php\/wp-json\/wp\/v2\/tags?post=16215"},{"taxonomy":"categoria_noticias","embeddable":true,"href":"https:\/\/portal.fgeo.gob.mx\/index.php\/wp-json\/wp\/v2\/categoria_noticias?post=16215"}],"curies":[{"name":"wp","href":"https:\/\/api.w.org\/{rel}","templated":true}]}}