{"id":16214,"date":"2024-07-15T12:22:15","date_gmt":"2024-07-15T18:22:15","guid":{"rendered":"https:\/\/fge.oaxaca.gob.mx\/?post_type=noticias&amp;p=6784"},"modified":"2024-07-15T12:22:15","modified_gmt":"2024-07-15T18:22:15","slug":"boletin-848-fiscalia-de-oaxaca-obtiene-sentencia-condenatoria-de-39-anos-contra-responsable-del-delito-de-equiparado-a-la-violacion-cometido-en-agravio-de-una-nina-en-la-costa","status":"publish","type":"noticias","link":"https:\/\/portal.fgeo.gob.mx\/index.php\/archivos\/noticias\/boletin-848-fiscalia-de-oaxaca-obtiene-sentencia-condenatoria-de-39-anos-contra-responsable-del-delito-de-equiparado-a-la-violacion-cometido-en-agravio-de-una-nina-en-la-costa","title":{"rendered":"BOLET\u00cdN 848.- Fiscal\u00eda de Oaxaca obtiene sentencia condenatoria de 39 a\u00f1os contra responsable del delito de equiparado a la violaci\u00f3n cometido en agravio de una ni\u00f1a, en la Costa"},"content":{"rendered":"<p>Oaxaca de Ju\u00e1rez, Oax., a 15 de julio de 2024.- Como resultado de las investigaciones enfocadas en garantizar los derechos a una vida libre de violencia de ni\u00f1as ni\u00f1os y adolescentes, la Fiscal\u00eda General del Estado de Oaxaca (FGEO) obtuvo una sentencia condenatoria de 39 a\u00f1os de prisi\u00f3n en contra de una persona del sexo masculino identificada como Osmar Y.L.M., por su responsabilidad en la comisi\u00f3n del delito de equiparado a la violaci\u00f3n, cometido en la regi\u00f3n de la Costa.<\/p>\n<p>De acuerdo con el expediente penal del caso, los hechos ocurrieron en diferentes fechas de mayo y diciembre de 2012, cuando la v\u00edctima (cuya identidad es reservada por Ley) ten\u00eda seis a\u00f1os de edad y se encontraba en un domicilio ubicado en la colonia Playa del Amor, en la poblaci\u00f3n de Zipolite, en el municipio de San Pedro Pochutla, sitio en el que fue agredida de manera sexual.<\/p>\n<p>Ante estos hechos, la FGEO inici\u00f3 las investigaciones correspondientes a trav\u00e9s de la Vicefiscal\u00eda Regional de la Costa, las cuales permitieron obtener una orden de aprehensi\u00f3n que se ejecut\u00f3 en contra de Osmar Y.L.M., para posteriormente presentarlo ante el Juez de la causa.<\/p>\n<p>En audiencia y tras evaluar los datos de prueba derivados de las investigaciones ministeriales realizadas por la Fiscal\u00eda de Oaxaca, el Juez dict\u00f3 sentencia condenatoria de 39 a\u00f1os de prisi\u00f3n en contra de Osmar Y.L.M., adem\u00e1s de imponer una multa econ\u00f3mica y el pago por concepto de reparaci\u00f3n del da\u00f1o, luego de demostrar su responsabilidad en la comisi\u00f3n del delito de equiparado a la violaci\u00f3n.<\/p>\n<p>La Fiscal\u00eda General del Estado de Oaxaca tiene como prioridad garantizar procesos de justicia eficientes en los casos de delitos cometidos en contra de ni\u00f1as, ni\u00f1os y adolescentes, a trav\u00e9s de investigaciones integrales y con perspectiva de infancia que logren garantizar el inter\u00e9s superior de la ni\u00f1ez.<\/p>\n<p>&nbsp;<\/p>\n","protected":false},"author":2,"featured_media":6566,"comment_status":"closed","ping_status":"closed","template":"","tags":[],"categoria_noticias":[],"class_list":["post-16214","noticias","type-noticias","status-publish","has-post-thumbnail","hentry"],"acf":[],"mb":[],"mfb_rest_fields":["title","gutenberg_elementor_mode"],"_links":{"self":[{"href":"https:\/\/portal.fgeo.gob.mx\/index.php\/wp-json\/wp\/v2\/noticias\/16214","targetHints":{"allow":["GET"]}}],"collection":[{"href":"https:\/\/portal.fgeo.gob.mx\/index.php\/wp-json\/wp\/v2\/noticias"}],"about":[{"href":"https:\/\/portal.fgeo.gob.mx\/index.php\/wp-json\/wp\/v2\/types\/noticias"}],"author":[{"embeddable":true,"href":"https:\/\/portal.fgeo.gob.mx\/index.php\/wp-json\/wp\/v2\/users\/2"}],"replies":[{"embeddable":true,"href":"https:\/\/portal.fgeo.gob.mx\/index.php\/wp-json\/wp\/v2\/comments?post=16214"}],"wp:featuredmedia":[{"embeddable":true,"href":"https:\/\/portal.fgeo.gob.mx\/index.php\/wp-json\/wp\/v2\/media\/6566"}],"wp:attachment":[{"href":"https:\/\/portal.fgeo.gob.mx\/index.php\/wp-json\/wp\/v2\/media?parent=16214"}],"wp:term":[{"taxonomy":"post_tag","embeddable":true,"href":"https:\/\/portal.fgeo.gob.mx\/index.php\/wp-json\/wp\/v2\/tags?post=16214"},{"taxonomy":"categoria_noticias","embeddable":true,"href":"https:\/\/portal.fgeo.gob.mx\/index.php\/wp-json\/wp\/v2\/categoria_noticias?post=16214"}],"curies":[{"name":"wp","href":"https:\/\/api.w.org\/{rel}","templated":true}]}}