{"id":16213,"date":"2024-07-12T12:00:59","date_gmt":"2024-07-12T18:00:59","guid":{"rendered":"https:\/\/fge.oaxaca.gob.mx\/?post_type=noticias&amp;p=6782"},"modified":"2024-07-12T12:00:59","modified_gmt":"2024-07-12T18:00:59","slug":"boletin-846-fgeo-aprehende-a-una-persona-por-violencia-familiar-cometida-en-la-region-de-la-costa","status":"publish","type":"noticias","link":"https:\/\/portal.fgeo.gob.mx\/index.php\/archivos\/noticias\/boletin-846-fgeo-aprehende-a-una-persona-por-violencia-familiar-cometida-en-la-region-de-la-costa","title":{"rendered":"BOLET\u00cdN 846.- FGEO aprehende a una persona por violencia familiar cometida en la regi\u00f3n de la Costa"},"content":{"rendered":"<p>Oaxaca de Ju\u00e1rez, Oax., a 12 de julio de 2024.- Como parte de la estrategia de cero tolerancia a delitos contra la mujer por raz\u00f3n de g\u00e9nero, la Fiscal\u00eda General del Estado de Oaxaca (FGEO) dio cumplimiento a una orden de aprehensi\u00f3n en contra de una persona del sexo masculino identificada como I.R.G., por el delito de violencia familiar cometido en agravio de su esposa E.R.P., ocurrida en la regi\u00f3n de la Costa.<\/p>\n<p>De acuerdo con lo asentado en el expediente penal del caso, la v\u00edctima fue agredida de manera verbal y f\u00edsica el 7 de marzo de 2024, en el interior de un domicilio ubicado en la localidad de Uni\u00f3n del Palmar del municipio de Santa Mar\u00eda Tonameca en el distrito de San Pedro Pochutla.<\/p>\n<p>Tras la denuncia interpuesta, la FGEO tom\u00f3 conocimiento del caso y, a trav\u00e9s de la Vicefiscal\u00eda Regional de la Costa, inici\u00f3 las investigaciones correspondientes, logrando obtener una orden de aprehensi\u00f3n contra I.R.G., quien fue detenido para posteriormente presentarlo ante el juzgado correspondiente.<\/p>\n<p>La Fiscal\u00eda General del Estado de Oaxaca en los casos de violencia contra mujeres, implementa investigaciones integrales y con perspectiva de g\u00e9nero que permitan garantizar a las v\u00edctimas directas e indirectas un adecuado proceso de procuraci\u00f3n de justicia.<\/p>\n<p><img fetchpriority=\"high\" decoding=\"async\" class=\"alignnone size-medium wp-image-6783\" src=\"https:\/\/portal.fgeo.gob.mx\/wp-content\/uploads\/2024\/07\/WhatsApp-Image-2024-07-12-at-12.22.37-228x300.jpeg\" alt=\"\" width=\"228\" height=\"300\" \/><\/p>\n","protected":false},"author":2,"featured_media":6566,"comment_status":"closed","ping_status":"closed","template":"","tags":[],"categoria_noticias":[],"class_list":["post-16213","noticias","type-noticias","status-publish","has-post-thumbnail","hentry"],"acf":[],"mb":[],"mfb_rest_fields":["title","gutenberg_elementor_mode"],"_links":{"self":[{"href":"https:\/\/portal.fgeo.gob.mx\/index.php\/wp-json\/wp\/v2\/noticias\/16213","targetHints":{"allow":["GET"]}}],"collection":[{"href":"https:\/\/portal.fgeo.gob.mx\/index.php\/wp-json\/wp\/v2\/noticias"}],"about":[{"href":"https:\/\/portal.fgeo.gob.mx\/index.php\/wp-json\/wp\/v2\/types\/noticias"}],"author":[{"embeddable":true,"href":"https:\/\/portal.fgeo.gob.mx\/index.php\/wp-json\/wp\/v2\/users\/2"}],"replies":[{"embeddable":true,"href":"https:\/\/portal.fgeo.gob.mx\/index.php\/wp-json\/wp\/v2\/comments?post=16213"}],"wp:featuredmedia":[{"embeddable":true,"href":"https:\/\/portal.fgeo.gob.mx\/index.php\/wp-json\/wp\/v2\/media\/6566"}],"wp:attachment":[{"href":"https:\/\/portal.fgeo.gob.mx\/index.php\/wp-json\/wp\/v2\/media?parent=16213"}],"wp:term":[{"taxonomy":"post_tag","embeddable":true,"href":"https:\/\/portal.fgeo.gob.mx\/index.php\/wp-json\/wp\/v2\/tags?post=16213"},{"taxonomy":"categoria_noticias","embeddable":true,"href":"https:\/\/portal.fgeo.gob.mx\/index.php\/wp-json\/wp\/v2\/categoria_noticias?post=16213"}],"curies":[{"name":"wp","href":"https:\/\/api.w.org\/{rel}","templated":true}]}}