{"id":16212,"date":"2024-07-12T14:00:39","date_gmt":"2024-07-12T20:00:39","guid":{"rendered":"https:\/\/fge.oaxaca.gob.mx\/?post_type=noticias&amp;p=6771"},"modified":"2024-07-12T14:00:39","modified_gmt":"2024-07-12T20:00:39","slug":"boletin-847-fgeo-acerca-servicios-de-procuracion-de-justicia-a-la-costa-lleva-a-villa-de-tututepec-de-melchor-ocampo-jornadas-del-programa-fiscalia-en-tu-comunidad","status":"publish","type":"noticias","link":"https:\/\/portal.fgeo.gob.mx\/index.php\/archivos\/noticias\/boletin-847-fgeo-acerca-servicios-de-procuracion-de-justicia-a-la-costa-lleva-a-villa-de-tututepec-de-melchor-ocampo-jornadas-del-programa-fiscalia-en-tu-comunidad","title":{"rendered":"BOLET\u00cdN 847.-  FGEO acerca servicios de procuraci\u00f3n de justicia a la Costa, lleva a Villa de Tututepec de Melchor Ocampo jornadas del programa \u201cFiscal\u00eda en tu Comunidad\u201d"},"content":{"rendered":"<p>Oaxaca de Ju\u00e1rez, Oax., a 12 de julio de 2024.- Con el objetivo de acercar los servicios del organismo a los municipios de la entidad, as\u00ed como brindar informaci\u00f3n en materia de prevenci\u00f3n del delito a las ocho regiones, la Fiscal\u00eda General del Estado de Oaxaca (FGEO) realiz\u00f3 una jornada del programa de proximidad social \u201cFiscal\u00eda en tu Comunidad\u201d en Villa de Tututepec de Melchor Ocampo, en la regi\u00f3n de la Costa, en la cual participan personal de diferentes \u00e1reas, encabezados por el Fiscal General, Bernardo Rodr\u00edguez Alamilla.<\/p>\n<p>En presencia del presidente municipal de Villa de Tututepec de Melchor Ocampo, Jesuhandy Conde; de la regidora de Derechos Humanos y Equidad de G\u00e9nero, Marina Gonz\u00e1lez Ram\u00edrez y del Vicefiscal Regional de la Costa, Alejandro Motta Lara;\u00a0 el Fiscal General indic\u00f3 que, con estas acciones se busca fortalecer\u00a0 la relaci\u00f3n de colaboraci\u00f3n continua con las autoridades municipales, a fin de entregar mejores resultados a la ciudadan\u00eda en materia de seguridad y procuraci\u00f3n de justicia, pues ninguna autoridad por s\u00ed solas lograr\u00e1 disminuir la incidencia delictiva sino se hace de forma conjunta.<\/p>\n<p>\u201cDesde la Instituci\u00f3n procuradora de justicia buscamos el fortalecimiento de las polic\u00edas municipales, brindando las herramientas necesarias para que su quehacer en materia de seguridad sea mucho m\u00e1s eficaz, ya que son los primeros respondientes, pues en determinadas circunstancias la falta de conocimiento y herramientas para desarrollar su actividad puede significar, en muchos de los casos, una diferencia entre la vida y la muerte\u201d.<\/p>\n<p>En este contexto, Rodr\u00edguez Alamilla invit\u00f3 a las autoridades municipales y a la poblaci\u00f3n a que, cuando exista alguna duda, tengan la plena confianza de dirigirse a las Viscefiscal\u00edas regionales para enriquecer los trabajos relacionados con la procuraci\u00f3n de justicia.<\/p>\n<p>Asimismo, el Fiscal General convoc\u00f3 a la ciudadan\u00eda a mantenerse informada y con ello evitar ser v\u00edctima del delito de extorsi\u00f3n telef\u00f3nica, as\u00ed como del delito de cobro \u201cgota a gota\u201d, el cual explic\u00f3 que, \u201cen muchas ocasiones las personas acuden por alguna necesidad a solicitar pr\u00e9stamos con altos intereses, originando que se vuelvan impagables, por este motivo, las personas que se dedican a este tipo de actividades est\u00e1n cometiendo un delito que se encuentra actualmente tipificado&#8221;.<\/p>\n<p>Finalmente, Rodr\u00edguez Alamilla agradeci\u00f3 a las y los integrantes del municipio de Villa de Tututepec de Melchor Ocampo, la oportunidad brindada por el espacio para llevar a cabo las jornadas del programa \u201cFiscal\u00eda en tu Comunidad\u201d, y reiter\u00f3 que es responsabilidad de todas y todos poder generar espacios seguros al interior de las comunidades.<\/p>\n<p>El evento, cont\u00f3 tambi\u00e9n con la presencia del director jur\u00eddico, Ad\u00e1n Cordero L\u00f3pez; del director de Seguridad P\u00fablica y Tr\u00e1nsito municipal, Cesar Hern\u00e1ndez Berm\u00fadez, del s\u00edndico Procurador municipal, Florencio L\u00f3pez Ju\u00e1rez.<\/p>\n<p>Como parte de las actividades del programa \u201cFiscal\u00eda en tu Comunidad\u201d en este municipio de la regi\u00f3n de la Costa se impartieron los talleres dirigidos a elementos de la polic\u00eda municipal \u201cEl Sistema de Justicia para Adolescentes\u201d,\u00a0 a cargo de la Fiscal\u00eda Especializada en Justicia para Adolescentes; el taller \u201cForma de Extorsi\u00f3n\u201d a cargo de la Vicefiscal\u00eda Regional de la Costa; as\u00ed como el taller dirigido a mujeres \u201cViolencia Familiar\u201d y \u201cConociendo el CEJUM y sus servicios\u201d a cargo del Centro de Justicia para las Mujeres, y se brind\u00f3 el servicio de Ludoteca dirigido a ni\u00f1as y ni\u00f1os.<\/p>\n<p><img fetchpriority=\"high\" decoding=\"async\" class=\"alignnone size-medium wp-image-6772\" src=\"https:\/\/portal.fgeo.gob.mx\/wp-content\/uploads\/2024\/07\/1-300x200.jpeg\" alt=\"\" width=\"300\" height=\"200\" \/> <img decoding=\"async\" class=\"alignnone size-medium wp-image-6773\" src=\"https:\/\/portal.fgeo.gob.mx\/wp-content\/uploads\/2024\/07\/2-300x200.jpeg\" alt=\"\" width=\"300\" height=\"200\" \/> <img decoding=\"async\" class=\"alignnone size-medium wp-image-6774\" src=\"https:\/\/portal.fgeo.gob.mx\/wp-content\/uploads\/2024\/07\/3-300x200.jpeg\" alt=\"\" width=\"300\" height=\"200\" \/> <img loading=\"lazy\" decoding=\"async\" class=\"alignnone size-medium wp-image-6775\" src=\"https:\/\/portal.fgeo.gob.mx\/wp-content\/uploads\/2024\/07\/4-300x200.jpeg\" alt=\"\" width=\"300\" height=\"200\" \/> <img loading=\"lazy\" decoding=\"async\" class=\"alignnone size-medium wp-image-6776\" src=\"https:\/\/portal.fgeo.gob.mx\/wp-content\/uploads\/2024\/07\/5-300x200.jpeg\" alt=\"\" width=\"300\" height=\"200\" \/> <img loading=\"lazy\" decoding=\"async\" class=\"alignnone size-medium wp-image-6777\" src=\"https:\/\/portal.fgeo.gob.mx\/wp-content\/uploads\/2024\/07\/6-300x188.jpeg\" alt=\"\" width=\"300\" height=\"188\" \/> <img loading=\"lazy\" decoding=\"async\" class=\"alignnone size-medium wp-image-6778\" src=\"https:\/\/portal.fgeo.gob.mx\/wp-content\/uploads\/2024\/07\/7-300x200.jpeg\" alt=\"\" width=\"300\" height=\"200\" \/> <img loading=\"lazy\" decoding=\"async\" class=\"alignnone size-medium wp-image-6779\" src=\"https:\/\/portal.fgeo.gob.mx\/wp-content\/uploads\/2024\/07\/8-300x200.jpeg\" alt=\"\" width=\"300\" height=\"200\" \/> <img loading=\"lazy\" decoding=\"async\" class=\"alignnone size-medium wp-image-6780\" src=\"https:\/\/portal.fgeo.gob.mx\/wp-content\/uploads\/2024\/07\/9-300x200.jpeg\" alt=\"\" width=\"300\" height=\"200\" \/> <img loading=\"lazy\" decoding=\"async\" class=\"alignnone size-medium wp-image-6781\" src=\"https:\/\/portal.fgeo.gob.mx\/wp-content\/uploads\/2024\/07\/10-300x200.jpeg\" alt=\"\" width=\"300\" height=\"200\" \/><\/p>\n<p>&nbsp;<\/p>\n","protected":false},"author":2,"featured_media":6566,"comment_status":"closed","ping_status":"closed","template":"","tags":[],"categoria_noticias":[],"class_list":["post-16212","noticias","type-noticias","status-publish","has-post-thumbnail","hentry"],"acf":[],"mb":[],"mfb_rest_fields":["title","gutenberg_elementor_mode"],"_links":{"self":[{"href":"https:\/\/portal.fgeo.gob.mx\/index.php\/wp-json\/wp\/v2\/noticias\/16212","targetHints":{"allow":["GET"]}}],"collection":[{"href":"https:\/\/portal.fgeo.gob.mx\/index.php\/wp-json\/wp\/v2\/noticias"}],"about":[{"href":"https:\/\/portal.fgeo.gob.mx\/index.php\/wp-json\/wp\/v2\/types\/noticias"}],"author":[{"embeddable":true,"href":"https:\/\/portal.fgeo.gob.mx\/index.php\/wp-json\/wp\/v2\/users\/2"}],"replies":[{"embeddable":true,"href":"https:\/\/portal.fgeo.gob.mx\/index.php\/wp-json\/wp\/v2\/comments?post=16212"}],"wp:featuredmedia":[{"embeddable":true,"href":"https:\/\/portal.fgeo.gob.mx\/index.php\/wp-json\/wp\/v2\/media\/6566"}],"wp:attachment":[{"href":"https:\/\/portal.fgeo.gob.mx\/index.php\/wp-json\/wp\/v2\/media?parent=16212"}],"wp:term":[{"taxonomy":"post_tag","embeddable":true,"href":"https:\/\/portal.fgeo.gob.mx\/index.php\/wp-json\/wp\/v2\/tags?post=16212"},{"taxonomy":"categoria_noticias","embeddable":true,"href":"https:\/\/portal.fgeo.gob.mx\/index.php\/wp-json\/wp\/v2\/categoria_noticias?post=16212"}],"curies":[{"name":"wp","href":"https:\/\/api.w.org\/{rel}","templated":true}]}}