{"id":16211,"date":"2024-07-11T13:00:15","date_gmt":"2024-07-11T19:00:15","guid":{"rendered":"https:\/\/fge.oaxaca.gob.mx\/?post_type=noticias&amp;p=6763"},"modified":"2024-07-11T13:00:15","modified_gmt":"2024-07-11T19:00:15","slug":"boletin-845-santa-cruz-amilpas-se-suma-a-trabajos-de-seguridad-y-prevencion-que-implementa-la-fgeo-a-traves-del-programa-fiscalia-en-tu-comunidad","status":"publish","type":"noticias","link":"https:\/\/portal.fgeo.gob.mx\/index.php\/archivos\/noticias\/boletin-845-santa-cruz-amilpas-se-suma-a-trabajos-de-seguridad-y-prevencion-que-implementa-la-fgeo-a-traves-del-programa-fiscalia-en-tu-comunidad","title":{"rendered":"BOLET\u00cdN 845.- Santa Cruz Amilpas se suma a trabajos de seguridad y prevenci\u00f3n que implementa la FGEO a trav\u00e9s del programa &#8220;Fiscal\u00eda en tu Comunidad&#8221;"},"content":{"rendered":"<p>Oaxaca de Ju\u00e1rez, Oax., a 11 de julio de 2024.- La Fiscal\u00eda General del Estado de Oaxaca (FGEO), a trav\u00e9s de personal especializado en materia de procuraci\u00f3n de justicia, imparti\u00f3 diversos talleres integrales en el municipio de Santa Cruz Amilpas, d\u00f3nde se llev\u00f3 a cabo el programa de proximidad social &#8220;Fiscal\u00eda en tu Comunidad&#8221;, que recorre los diferentes municipios de la entidad para fortalecer las habilidades y conocimientos en torno a la prevenci\u00f3n social de la violencia y la delincuencia.<\/p>\n<p>Durante el arranque de estas jornadas, el Fiscal General, Bernardo Rodr\u00edguez Alamilla, acompa\u00f1ado del presidente municipal, Christian Baruch Castellanos Rodr\u00edguez y su Cabildo, explic\u00f3 que dicho programa fue dise\u00f1ado especialmente para atender las causas que generan la violencia en sus comunidades, y por ello, por medio de capacitaciones al funcionariado y a los cuerpos de seguridad municipal se busca fortalecer v\u00ednculos de confianza para incentivar la denuncia ciudadana.<\/p>\n<p>&#8220;A nombre de la Fiscal\u00eda de Oaxaca quiero agradecer esta oportunidad que nos dan para poder generar estos lazos comunicantes. Este programa de Fiscal\u00eda de tu Comunidad justamente busca acercarse de manera muy directa y particular a los municipios, a las colonias a lugares donde de alguna manera no hab\u00eda una participaci\u00f3n directa por parte de las corporaciones&#8221;, expuso el Fiscal General.<\/p>\n<p>Agreg\u00f3 que, con un trabajo coordinado como el que est\u00e1n desarrollando con el Gobierno del Estado y las diferentes instancias de Seguridad, se atienden de ra\u00edz las causas para disminuir el fen\u00f3meno delictivo y sobre todo, los delitos m\u00e1s recurrentes que se registran en las comunidades como los son: la violencia familiar, la extorsi\u00f3n y el fraude \u201cgota a gota&#8221;, este \u00faltimo que consiste en pr\u00e9stamos ilegales relacionados con redes criminales que se caracterizan por realizar los cobros de manera violenta a quienes los aceptan.<\/p>\n<p>Por su parte, el presidente municipal, Christian Baruch Castellanos Rodr\u00edguez hizo un reconocimiento p\u00fablico al Fiscal por la visita a Santa Cruz Amilpas, y adem\u00e1s por llevar estos cursos y capacitaciones que benefician a las y los elementos de seguridad para su labor diaria.<\/p>\n<p>&#8220;Santa Cruz Amilpas se compromete a implementar lo que va a aprender a trav\u00e9s del programa Fiscal\u00eda en tu Comunidad para beneficio de la comunidad&#8221;, dijo el edil de Santa Cruz Amilpas durante su pronunciamiento.<\/p>\n<p>En esta jornada de actividades, estuvieron tambi\u00e9n presentes la S\u00edndica Zobeida Rodr\u00edguez V\u00e1squez; Pedro Velasco Hern\u00e1ndez, director de Seguridad P\u00fablica municipal y sus elementos policiales, as\u00ed como el encargado del Despacho de la Vicefiscal\u00eda Regional de Valles Centrales, Samuel Jim\u00e9nez Acevedo.<\/p>\n<p>\u201cFiscal\u00eda en tu Comunidad\u201d brinda capacitaci\u00f3n continua en temas como Informe Policial Homologado y Primer Respondiente, \u201cEl sistema de Justicia para Adolescentes\u201d, \u201cActuaci\u00f3n del Primer Respondiente en Feminicidio y violencia familiar\u201d, \u201cDelito Gota a Gota\u201d, \u201cForma de extorsi\u00f3n\u201d as\u00ed como \u201c\u00d3rdenes de protecci\u00f3n\u201d, impartidos por personal de diferentes \u00e1reas de la Instituci\u00f3n de procuraci\u00f3n de justicia.<\/p>\n<p>Desde esta instancia procuradora de justicia, el Fiscal General, Bernardo Rodr\u00edguez Alamilla refrenda su compromiso de seguir trabajando en la reconstrucci\u00f3n del tejido social y a la par implementar estrategias de cuidado para beneficio de nuestras sociedades.<\/p>\n<p><img fetchpriority=\"high\" decoding=\"async\" class=\"alignnone size-medium wp-image-6764\" src=\"https:\/\/portal.fgeo.gob.mx\/wp-content\/uploads\/2024\/07\/WhatsApp-Image-2024-07-11-at-12.02.14-1-300x200.jpeg\" alt=\"\" width=\"300\" height=\"200\" \/> <img decoding=\"async\" class=\"alignnone size-medium wp-image-6765\" src=\"https:\/\/portal.fgeo.gob.mx\/wp-content\/uploads\/2024\/07\/WhatsApp-Image-2024-07-11-at-12.02.14-300x200.jpeg\" alt=\"\" width=\"300\" height=\"200\" \/> <img decoding=\"async\" class=\"alignnone size-medium wp-image-6766\" src=\"https:\/\/portal.fgeo.gob.mx\/wp-content\/uploads\/2024\/07\/WhatsApp-Image-2024-07-11-at-12.02.13-2-300x200.jpeg\" alt=\"\" width=\"300\" height=\"200\" \/> <img loading=\"lazy\" decoding=\"async\" class=\"alignnone size-medium wp-image-6767\" src=\"https:\/\/portal.fgeo.gob.mx\/wp-content\/uploads\/2024\/07\/WhatsApp-Image-2024-07-11-at-12.02.13-1-300x200.jpeg\" alt=\"\" width=\"300\" height=\"200\" \/> <img loading=\"lazy\" decoding=\"async\" class=\"alignnone size-medium wp-image-6768\" src=\"https:\/\/portal.fgeo.gob.mx\/wp-content\/uploads\/2024\/07\/WhatsApp-Image-2024-07-11-at-12.02.13-300x200.jpeg\" alt=\"\" width=\"300\" height=\"200\" \/> <img loading=\"lazy\" decoding=\"async\" class=\"alignnone size-medium wp-image-6769\" src=\"https:\/\/portal.fgeo.gob.mx\/wp-content\/uploads\/2024\/07\/WhatsApp-Image-2024-07-11-at-12.02.12-1-300x200.jpeg\" alt=\"\" width=\"300\" height=\"200\" \/> <img loading=\"lazy\" decoding=\"async\" class=\"alignnone size-medium wp-image-6770\" src=\"https:\/\/portal.fgeo.gob.mx\/wp-content\/uploads\/2024\/07\/WhatsApp-Image-2024-07-11-at-12.02.12-300x200.jpeg\" alt=\"\" width=\"300\" height=\"200\" \/><\/p>\n","protected":false},"author":2,"featured_media":6566,"comment_status":"closed","ping_status":"closed","template":"","tags":[],"categoria_noticias":[],"class_list":["post-16211","noticias","type-noticias","status-publish","has-post-thumbnail","hentry"],"acf":[],"mb":[],"mfb_rest_fields":["title","gutenberg_elementor_mode"],"_links":{"self":[{"href":"https:\/\/portal.fgeo.gob.mx\/index.php\/wp-json\/wp\/v2\/noticias\/16211","targetHints":{"allow":["GET"]}}],"collection":[{"href":"https:\/\/portal.fgeo.gob.mx\/index.php\/wp-json\/wp\/v2\/noticias"}],"about":[{"href":"https:\/\/portal.fgeo.gob.mx\/index.php\/wp-json\/wp\/v2\/types\/noticias"}],"author":[{"embeddable":true,"href":"https:\/\/portal.fgeo.gob.mx\/index.php\/wp-json\/wp\/v2\/users\/2"}],"replies":[{"embeddable":true,"href":"https:\/\/portal.fgeo.gob.mx\/index.php\/wp-json\/wp\/v2\/comments?post=16211"}],"wp:featuredmedia":[{"embeddable":true,"href":"https:\/\/portal.fgeo.gob.mx\/index.php\/wp-json\/wp\/v2\/media\/6566"}],"wp:attachment":[{"href":"https:\/\/portal.fgeo.gob.mx\/index.php\/wp-json\/wp\/v2\/media?parent=16211"}],"wp:term":[{"taxonomy":"post_tag","embeddable":true,"href":"https:\/\/portal.fgeo.gob.mx\/index.php\/wp-json\/wp\/v2\/tags?post=16211"},{"taxonomy":"categoria_noticias","embeddable":true,"href":"https:\/\/portal.fgeo.gob.mx\/index.php\/wp-json\/wp\/v2\/categoria_noticias?post=16211"}],"curies":[{"name":"wp","href":"https:\/\/api.w.org\/{rel}","templated":true}]}}