{"id":16207,"date":"2024-07-10T09:38:17","date_gmt":"2024-07-10T15:38:17","guid":{"rendered":"https:\/\/fge.oaxaca.gob.mx\/?post_type=noticias&amp;p=6699"},"modified":"2024-07-10T09:38:17","modified_gmt":"2024-07-10T15:38:17","slug":"boletin-840-obtiene-fgeo-auto-de-vinculacion-a-proceso-contra-cuatro-imputados-por-robo-de-vehiculo-cometido-en-la-region-de-la-mixteca","status":"publish","type":"noticias","link":"https:\/\/portal.fgeo.gob.mx\/index.php\/archivos\/noticias\/boletin-840-obtiene-fgeo-auto-de-vinculacion-a-proceso-contra-cuatro-imputados-por-robo-de-vehiculo-cometido-en-la-region-de-la-mixteca","title":{"rendered":"BOLET\u00cdN 840.-Obtiene FGEO auto de vinculaci\u00f3n a proceso contra cuatro imputados por robo de veh\u00edculo cometido en la regi\u00f3n de la Mixteca"},"content":{"rendered":"<p>&nbsp;<\/p>\n<p>* Los detenidos portaban armas de uso exclusivo del Ej\u00e9rcito, por lo que, los imputados fueron presentados tambi\u00e9n ante la FGR<\/p>\n<p><strong>\u00a0<\/strong><\/p>\n<p>Oaxaca de Ju\u00e1rez, Oax., a 10 de julio de 2024.- La Fiscal\u00eda General del Estado de Oaxaca (FGEO) obtuvo auto de Vinculaci\u00f3n a Proceso en contra de cuatro personas del sexo masculino identificadas como J.R.T.E., L.D.A.O., J.G.M. y D.T.A.O., por el delito de Robo de Veh\u00edculo de Motor en agravio de S.V.S., ocurrido en la regi\u00f3n de la Mixteca.<\/p>\n<p>&nbsp;<\/p>\n<p>De acuerdo con lo establecido en el expediente penal, los hechos ocurrieron el 25 de junio de 2024 cuando la v\u00edctima circulaba en su unidad de motor sobre la carretera federal 190, en el paraje conocido como Fosa del Asfalto, jurisdicci\u00f3n de Huajuapan de Le\u00f3n, fue interceptado y despojado con violencia de su veh\u00edculo por un grupo de hombres quienes circulaban en un autom\u00f3vil habilitado para brindar el servicio de taxi.<\/p>\n<p>&nbsp;<\/p>\n<p>Una vez reportado el robo al N\u00famero de Emergencias 911, polic\u00edas municipales de Huajuapan se desplazaron a la zona para dar con el paradero del veh\u00edculo, hall\u00e1ndolo horas m\u00e1s tarde sobre la carretera de San Pedro Yoduyuxi a la altura del &#8220;Rancho los Limones&#8221;, lugar donde fue recuperada la unidad de motor y detenidos los cuatro imputados quienes llevaban consigo armas de fuego de uso exclusivo del ej\u00e9rcito.<\/p>\n<p>&nbsp;<\/p>\n<p>Tras la denuncia interpuesta, la FGEO atrajo el caso a trav\u00e9s de la Vicefiscal\u00eda Regional de la Mixteca, que inici\u00f3 las investigaciones correspondientes, poniendo a disposici\u00f3n de la Fiscal\u00eda General de la Rep\u00fablica (FGR) a las personas detenidas, as\u00ed como las diversas armas de fuego aseguradas, mientras que la unidad de motor qued\u00f3 bajo resguardo de la autoridad ministerial correspondiente.<\/p>\n<p>&nbsp;<\/p>\n<p>En audiencia, el Juez que atiende la causa valor\u00f3 las pruebas aportadas por la FGEO, por lo que calific\u00f3 como legal la detenci\u00f3n de los imputados a quienes, adem\u00e1s, dict\u00f3 vinculaci\u00f3n a proceso por el delito de robo de veh\u00edculo.<\/p>\n<p>&nbsp;<\/p>\n<p>Adem\u00e1s de imponer la medida cautelar de prisi\u00f3n preventiva oficiosa, concediendo un plazo de tres meses para el cierre de investigaci\u00f3n complementaria.<\/p>\n<p>&nbsp;<\/p>\n<p>En delitos de alto impacto, la Fiscal\u00eda General de Oaxaca realiza investigaciones exhaustivas para dar con quien o quienes resulten responsables, present\u00e1ndolos ante la justicia y aplicando todo el rigor de la Ley.<\/p>\n<p>&nbsp;<\/p>\n","protected":false},"author":2,"featured_media":6566,"comment_status":"closed","ping_status":"closed","template":"","tags":[],"categoria_noticias":[],"class_list":["post-16207","noticias","type-noticias","status-publish","has-post-thumbnail","hentry"],"acf":[],"mb":[],"mfb_rest_fields":["title","gutenberg_elementor_mode"],"_links":{"self":[{"href":"https:\/\/portal.fgeo.gob.mx\/index.php\/wp-json\/wp\/v2\/noticias\/16207","targetHints":{"allow":["GET"]}}],"collection":[{"href":"https:\/\/portal.fgeo.gob.mx\/index.php\/wp-json\/wp\/v2\/noticias"}],"about":[{"href":"https:\/\/portal.fgeo.gob.mx\/index.php\/wp-json\/wp\/v2\/types\/noticias"}],"author":[{"embeddable":true,"href":"https:\/\/portal.fgeo.gob.mx\/index.php\/wp-json\/wp\/v2\/users\/2"}],"replies":[{"embeddable":true,"href":"https:\/\/portal.fgeo.gob.mx\/index.php\/wp-json\/wp\/v2\/comments?post=16207"}],"wp:featuredmedia":[{"embeddable":true,"href":"https:\/\/portal.fgeo.gob.mx\/index.php\/wp-json\/wp\/v2\/media\/6566"}],"wp:attachment":[{"href":"https:\/\/portal.fgeo.gob.mx\/index.php\/wp-json\/wp\/v2\/media?parent=16207"}],"wp:term":[{"taxonomy":"post_tag","embeddable":true,"href":"https:\/\/portal.fgeo.gob.mx\/index.php\/wp-json\/wp\/v2\/tags?post=16207"},{"taxonomy":"categoria_noticias","embeddable":true,"href":"https:\/\/portal.fgeo.gob.mx\/index.php\/wp-json\/wp\/v2\/categoria_noticias?post=16207"}],"curies":[{"name":"wp","href":"https:\/\/api.w.org\/{rel}","templated":true}]}}