{"id":16205,"date":"2024-07-09T11:08:24","date_gmt":"2024-07-09T17:08:24","guid":{"rendered":"https:\/\/fge.oaxaca.gob.mx\/?post_type=noticias&amp;p=6696"},"modified":"2024-07-09T11:08:24","modified_gmt":"2024-07-09T17:08:24","slug":"boletin-838-obtiene-fgeo-vinculacion-a-proceso-de-imputado-por-homicidio-de-militante-del-mult-y-ex-agente-municipal-de-san-miguel-copala-cometido-en-la-mixteca","status":"publish","type":"noticias","link":"https:\/\/portal.fgeo.gob.mx\/index.php\/archivos\/noticias\/boletin-838-obtiene-fgeo-vinculacion-a-proceso-de-imputado-por-homicidio-de-militante-del-mult-y-ex-agente-municipal-de-san-miguel-copala-cometido-en-la-mixteca","title":{"rendered":"BOLET\u00cdN 838.- Obtiene FGEO vinculaci\u00f3n a proceso de imputado por homicidio de militante del MULT y ex agente municipal de San Miguel Copala, cometido en la Mixteca"},"content":{"rendered":"<p>Oaxaca de Ju\u00e1rez, Oax., a 09 de julio de 2024.- La Fiscal\u00eda General del Estado de Oaxaca (FGEO) obtuvo del Juzgado de Control, auto de vinculaci\u00f3n a proceso en contra de una persona del sexo masculino identificada como A.G.S., por el delito de Homicidio Calificado con Ventaja en agravio de un hombre que en vida respondi\u00f3 al nombre de M.S.T., cometido en Putla Villa de Guerrero en la regi\u00f3n Sierra Sur.<\/p>\n<p>De acuerdo con lo asentado en el expediente de la FGEO, A.G.S., es la segunda persona vinculada a proceso por este delito que ocurri\u00f3 el 07 de noviembre de 2018, sobre el camino de terracer\u00eda que conduce del Barrio de Guadalupe Yutee al municipio de Constancia del Rosario perteneciente a Putla Villa de Guerrero.<\/p>\n<p>La investigaci\u00f3n revela que, en ese lugar, los agresores le cerraron el paso a la v\u00edctima identificada como M.S.T., para despu\u00e9s atacarlo con disparos de arma de fuego, infligiendo lesiones que provocaron que perdiera la vida.<\/p>\n<p>Tras estos hechos, la FGEO inici\u00f3 las investigaciones correspondientes a trav\u00e9s de la Vicefiscal\u00eda Regional de la Mixteca, gracias a las cuales fue posible la detenci\u00f3n del imputado, mismo que fue presentado ante el Juez que conoce la causa.<\/p>\n<p>Derivado de los datos de prueba aportados por la Fiscal\u00eda de Oaxaca, el Juez en turno determin\u00f3 vincular a proceso a A.G.S., por el delito de homicidio calificado, adem\u00e1s de imponer la medida cautelar de prisi\u00f3n preventiva y otorgar el plazo de dos meses para el cierre de investigaci\u00f3n complementaria.<\/p>\n<p>Cabe mencionar que, en 2023, la FGEO logr\u00f3 la detenci\u00f3n y posterior vinculaci\u00f3n a proceso de J.H.B., la primera persona bajo proceso penal por este mismo delito en agravio de M.S.T., quien fuera militante de MULT y ex agente municipal de San Miguel Copala.<\/p>\n<p>La Fiscal\u00eda General de Oaxaca, garantiza investigaciones exhaustivas para esclarecer todo tipo de delitos, aplicando las herramientas legales para castigar a quien o quienes resulten responsables.<\/p>\n","protected":false},"author":2,"featured_media":6566,"comment_status":"closed","ping_status":"closed","template":"","tags":[],"categoria_noticias":[],"class_list":["post-16205","noticias","type-noticias","status-publish","has-post-thumbnail","hentry"],"acf":[],"mb":[],"mfb_rest_fields":["title","gutenberg_elementor_mode"],"_links":{"self":[{"href":"https:\/\/portal.fgeo.gob.mx\/index.php\/wp-json\/wp\/v2\/noticias\/16205","targetHints":{"allow":["GET"]}}],"collection":[{"href":"https:\/\/portal.fgeo.gob.mx\/index.php\/wp-json\/wp\/v2\/noticias"}],"about":[{"href":"https:\/\/portal.fgeo.gob.mx\/index.php\/wp-json\/wp\/v2\/types\/noticias"}],"author":[{"embeddable":true,"href":"https:\/\/portal.fgeo.gob.mx\/index.php\/wp-json\/wp\/v2\/users\/2"}],"replies":[{"embeddable":true,"href":"https:\/\/portal.fgeo.gob.mx\/index.php\/wp-json\/wp\/v2\/comments?post=16205"}],"wp:featuredmedia":[{"embeddable":true,"href":"https:\/\/portal.fgeo.gob.mx\/index.php\/wp-json\/wp\/v2\/media\/6566"}],"wp:attachment":[{"href":"https:\/\/portal.fgeo.gob.mx\/index.php\/wp-json\/wp\/v2\/media?parent=16205"}],"wp:term":[{"taxonomy":"post_tag","embeddable":true,"href":"https:\/\/portal.fgeo.gob.mx\/index.php\/wp-json\/wp\/v2\/tags?post=16205"},{"taxonomy":"categoria_noticias","embeddable":true,"href":"https:\/\/portal.fgeo.gob.mx\/index.php\/wp-json\/wp\/v2\/categoria_noticias?post=16205"}],"curies":[{"name":"wp","href":"https:\/\/api.w.org\/{rel}","templated":true}]}}