{"id":16204,"date":"2024-07-08T17:06:09","date_gmt":"2024-07-08T23:06:09","guid":{"rendered":"https:\/\/fge.oaxaca.gob.mx\/?post_type=noticias&amp;p=6686"},"modified":"2024-07-08T17:06:09","modified_gmt":"2024-07-08T23:06:09","slug":"boletin-837-atender-de-raiz-las-causas-para-disminuir-el-fenomeno-delictivo-en-las-comunidades-objetivo-de-fiscalia-en-tu-comunidad-bernardo-rodriguez-alamilla","status":"publish","type":"noticias","link":"https:\/\/portal.fgeo.gob.mx\/index.php\/archivos\/noticias\/boletin-837-atender-de-raiz-las-causas-para-disminuir-el-fenomeno-delictivo-en-las-comunidades-objetivo-de-fiscalia-en-tu-comunidad-bernardo-rodriguez-alamilla","title":{"rendered":"BOLET\u00cdN 837.- &#8220;Atender de ra\u00edz las causas para disminuir el fen\u00f3meno delictivo en las comunidades, objetivo de Fiscal\u00eda en tu Comunidad&#8221;: Bernardo Rodr\u00edguez Alamilla"},"content":{"rendered":"<p>* Realiza Fiscal\u00eda de Oaxaca jornada de proximidad social en el municipio de San Antonio de la Cal<\/p>\n<p>Oaxaca de Ju\u00e1rez, Oax., a 08 de julio de 2024.- Durante la jornada del programa de proximidad social \u201cFiscal\u00eda en tu Comunidad\u201d que se realiz\u00f3 en el municipio de San Antonio de la Cal, el Fiscal General del Estado de Oaxaca, Bernardo Rodr\u00edguez Alamilla, indic\u00f3 que esta acci\u00f3n busca acercar los servicios de la Instituci\u00f3n procuradora de justicia a la gente y brindar informaci\u00f3n en materia de prevenci\u00f3n del delito, as\u00ed como capacitaciones al funcionariado de diferentes Ayuntamientos de la regi\u00f3n de los Valles Centrales.<\/p>\n<p>Acompa\u00f1ado por el presidente municipal de San Antonio de la Cal, Porfirio Santos Mat\u00edas; el encargado del Despacho de la Vicefiscal\u00eda Regional de Valles Centrales, Samuel Jim\u00e9nez Acevedo; el Regidor de Polic\u00eda Municipal, Alex Dom\u00ednguez Cruz; el director general de la Polic\u00eda Municipal y Vial de ese municipio, Jassiel Elioenai Arag\u00f3n Hern\u00e1ndez; el Fiscal General Bernardo, Rodr\u00edguez Alamilla resalt\u00f3 la importancia de coordinar esfuerzos en el tema de seguridad y justicia con las diferentes autoridades municipales, pues solo as\u00ed se pueden generar ambientes seguros para la ciudadan\u00eda.<\/p>\n<p>Rodr\u00edguez Alamilla explic\u00f3 que, una de las principales preocupaciones de la ciudadan\u00eda es el tema de la seguridad, de ah\u00ed, la importancia de acercar los servicios y generar mejores condiciones de seguridad e impartici\u00f3n de justicia.<\/p>\n<p>A\u00f1adi\u00f3 que, esta estrategia tambi\u00e9n permite brindar herramientas y capacitaci\u00f3n a las y los elementos de las polic\u00edas municipales para que ellas y ellos conozcan su rol durante su quehacer cotidiano en materia de seguridad, adem\u00e1s de ofrecer informaci\u00f3n para atender de ra\u00edz las causas para disminuir el fen\u00f3meno delictivo en las comunidades.<\/p>\n<p>Durante su participaci\u00f3n, el presidente municipal de San Antonio de la Cal, Porfirio Santos Mat\u00edas celebr\u00f3 la realizaci\u00f3n de esta jornada de formaci\u00f3n, el cual dijo, busca generar mejores condiciones de seguridad y prevenci\u00f3n del delito en dicho municipio.<\/p>\n<p>La actividad cont\u00f3 tambi\u00e9n con la asistencia de servidoras y servidores p\u00fablicos del municipio de San Raymundo Jalpan, quienes solicitaron que el programa \u201cFiscal\u00eda en tu Comunidad\u201d acuda a impartir los talleres y capacitaciones a ese municipio.<\/p>\n<p>\u201cFiscal\u00eda en tu Comunidad\u201d brinda capacitaci\u00f3n continua en temas como Informe Policial Homologado y Primer Respondiente, \u201cEl sistema de Justicia para Adolescentes\u201d, \u201cActuaci\u00f3n del Primer Respondiente en Feminicidio y violencia familiar\u201d, \u201cDelito Gota a Gota\u201d, \u201cForma de extorsi\u00f3n\u201d as\u00ed como \u201c\u00d3rdenes de protecci\u00f3n\u201d, impartidos por personal de diferentes \u00e1reas de la Instituci\u00f3n de procuraci\u00f3n de justicia.<\/p>\n<p><img fetchpriority=\"high\" decoding=\"async\" class=\"alignnone size-medium wp-image-6687\" src=\"https:\/\/portal.fgeo.gob.mx\/wp-content\/uploads\/2024\/07\/WhatsApp-Image-2024-07-08-at-16.37.47-3-300x169.jpeg\" alt=\"\" width=\"300\" height=\"169\" \/> <img decoding=\"async\" class=\"alignnone size-medium wp-image-6688\" src=\"https:\/\/portal.fgeo.gob.mx\/wp-content\/uploads\/2024\/07\/WhatsApp-Image-2024-07-08-at-16.37.47-2-300x200.jpeg\" alt=\"\" width=\"300\" height=\"200\" \/> <img decoding=\"async\" class=\"alignnone size-medium wp-image-6689\" src=\"https:\/\/portal.fgeo.gob.mx\/wp-content\/uploads\/2024\/07\/WhatsApp-Image-2024-07-08-at-16.37.47-1-300x200.jpeg\" alt=\"\" width=\"300\" height=\"200\" \/> <img loading=\"lazy\" decoding=\"async\" class=\"alignnone size-medium wp-image-6690\" src=\"https:\/\/portal.fgeo.gob.mx\/wp-content\/uploads\/2024\/07\/WhatsApp-Image-2024-07-08-at-16.37.47-300x200.jpeg\" alt=\"\" width=\"300\" height=\"200\" \/> <img loading=\"lazy\" decoding=\"async\" class=\"alignnone size-medium wp-image-6691\" src=\"https:\/\/portal.fgeo.gob.mx\/wp-content\/uploads\/2024\/07\/WhatsApp-Image-2024-07-08-at-16.37.46-3-300x200.jpeg\" alt=\"\" width=\"300\" height=\"200\" \/> <img loading=\"lazy\" decoding=\"async\" class=\"alignnone size-medium wp-image-6692\" src=\"https:\/\/portal.fgeo.gob.mx\/wp-content\/uploads\/2024\/07\/WhatsApp-Image-2024-07-08-at-16.37.46-2-300x200.jpeg\" alt=\"\" width=\"300\" height=\"200\" \/> <img loading=\"lazy\" decoding=\"async\" class=\"alignnone size-medium wp-image-6693\" src=\"https:\/\/portal.fgeo.gob.mx\/wp-content\/uploads\/2024\/07\/WhatsApp-Image-2024-07-08-at-16.37.46-1-300x200.jpeg\" alt=\"\" width=\"300\" height=\"200\" \/> <img loading=\"lazy\" decoding=\"async\" class=\"alignnone size-medium wp-image-6694\" src=\"https:\/\/portal.fgeo.gob.mx\/wp-content\/uploads\/2024\/07\/WhatsApp-Image-2024-07-08-at-16.37.46-300x200.jpeg\" alt=\"\" width=\"300\" height=\"200\" \/><\/p>\n","protected":false},"author":2,"featured_media":6566,"comment_status":"closed","ping_status":"closed","template":"","tags":[],"categoria_noticias":[],"class_list":["post-16204","noticias","type-noticias","status-publish","has-post-thumbnail","hentry"],"acf":[],"mb":[],"mfb_rest_fields":["title","gutenberg_elementor_mode"],"_links":{"self":[{"href":"https:\/\/portal.fgeo.gob.mx\/index.php\/wp-json\/wp\/v2\/noticias\/16204","targetHints":{"allow":["GET"]}}],"collection":[{"href":"https:\/\/portal.fgeo.gob.mx\/index.php\/wp-json\/wp\/v2\/noticias"}],"about":[{"href":"https:\/\/portal.fgeo.gob.mx\/index.php\/wp-json\/wp\/v2\/types\/noticias"}],"author":[{"embeddable":true,"href":"https:\/\/portal.fgeo.gob.mx\/index.php\/wp-json\/wp\/v2\/users\/2"}],"replies":[{"embeddable":true,"href":"https:\/\/portal.fgeo.gob.mx\/index.php\/wp-json\/wp\/v2\/comments?post=16204"}],"wp:featuredmedia":[{"embeddable":true,"href":"https:\/\/portal.fgeo.gob.mx\/index.php\/wp-json\/wp\/v2\/media\/6566"}],"wp:attachment":[{"href":"https:\/\/portal.fgeo.gob.mx\/index.php\/wp-json\/wp\/v2\/media?parent=16204"}],"wp:term":[{"taxonomy":"post_tag","embeddable":true,"href":"https:\/\/portal.fgeo.gob.mx\/index.php\/wp-json\/wp\/v2\/tags?post=16204"},{"taxonomy":"categoria_noticias","embeddable":true,"href":"https:\/\/portal.fgeo.gob.mx\/index.php\/wp-json\/wp\/v2\/categoria_noticias?post=16204"}],"curies":[{"name":"wp","href":"https:\/\/api.w.org\/{rel}","templated":true}]}}