{"id":16201,"date":"2024-07-06T17:30:50","date_gmt":"2024-07-06T23:30:50","guid":{"rendered":"https:\/\/fge.oaxaca.gob.mx\/?post_type=noticias&amp;p=6685"},"modified":"2024-07-06T17:30:50","modified_gmt":"2024-07-06T23:30:50","slug":"boletin-833-fiscalia-de-oaxaca-inicia-investigacion-tras-incidente-en-el-que-una-persona-resulto-herida-tras-disparos-de-arma-de-fuego-ocurrido-en-santa-cruz-xoxocotlan","status":"publish","type":"noticias","link":"https:\/\/portal.fgeo.gob.mx\/index.php\/archivos\/noticias\/boletin-833-fiscalia-de-oaxaca-inicia-investigacion-tras-incidente-en-el-que-una-persona-resulto-herida-tras-disparos-de-arma-de-fuego-ocurrido-en-santa-cruz-xoxocotlan","title":{"rendered":"BOLET\u00cdN 833.- Fiscal\u00eda de Oaxaca inicia investigaci\u00f3n tras incidente en el que una persona result\u00f3 herida tras disparos de arma de fuego, ocurrido en Santa Cruz Xoxocotl\u00e1n"},"content":{"rendered":"<p style=\"font-weight: 400\"><strong>Oaxaca de Ju\u00e1rez, Oax., a 6 de julio de 2024.-\u00a0<\/strong>La Fiscal\u00eda General del Estado de Oaxaca (FGEO) inici\u00f3 las investigaciones correspondientes luego del incidente de tr\u00e1nsito que deriv\u00f3 en una persecuci\u00f3n, disparos de arma de fuego y una persona lesionada, los cuales ocurrieron en el municipio de Santa Cruz Xoxocotl\u00e1n, en la regi\u00f3n de los Valles Centrales.<\/p>\n<p style=\"font-weight: 400\">\u00a0Los hechos ocurrieron la tarde del 5 de julio de 2024, en inmediaciones de Xoxo, cuando ocurri\u00f3 un incidente vial. Cuando lleg\u00f3 la polic\u00eda municipal al lugar, uno de los involucrados trat\u00f3 de evadir su responsabilidad y huy\u00f3 del sitio.<\/p>\n<p style=\"font-weight: 400\">\u00a0Ante la situaci\u00f3n, polic\u00edas municipales dieron seguimiento a esta persona, hechos durante los cuales se accionaron armas de fuego, como resultado, sobre el bulevar Guadalupe Hinojosa de la Colonia Juquilita, le dieron alcance a la persona que conduc\u00eda el autom\u00f3vil que trat\u00f3 de huir, quien result\u00f3 lesionado por un disparo, por lo cual fue trasladado a un hospital en el que permanece internado recibiendo atenci\u00f3n m\u00e9dica.<\/p>\n<p style=\"font-weight: 400\">\u00a0En tanto, la Fiscal\u00eda General del Estado de Oaxaca tom\u00f3 conocimiento de los hechos y despleg\u00f3 a un equipo multidisciplinario que realiz\u00f3 las primeras diligencias, adem\u00e1s que se abri\u00f3 la carpeta de investigaci\u00f3n correspondiente para establecer el grado de responsabilidad de ambas partes.<\/p>\n<p style=\"font-weight: 400\">\n","protected":false},"author":2,"featured_media":6566,"comment_status":"closed","ping_status":"closed","template":"","tags":[],"categoria_noticias":[],"class_list":["post-16201","noticias","type-noticias","status-publish","has-post-thumbnail","hentry"],"acf":[],"mb":[],"mfb_rest_fields":["title","gutenberg_elementor_mode"],"_links":{"self":[{"href":"https:\/\/portal.fgeo.gob.mx\/index.php\/wp-json\/wp\/v2\/noticias\/16201","targetHints":{"allow":["GET"]}}],"collection":[{"href":"https:\/\/portal.fgeo.gob.mx\/index.php\/wp-json\/wp\/v2\/noticias"}],"about":[{"href":"https:\/\/portal.fgeo.gob.mx\/index.php\/wp-json\/wp\/v2\/types\/noticias"}],"author":[{"embeddable":true,"href":"https:\/\/portal.fgeo.gob.mx\/index.php\/wp-json\/wp\/v2\/users\/2"}],"replies":[{"embeddable":true,"href":"https:\/\/portal.fgeo.gob.mx\/index.php\/wp-json\/wp\/v2\/comments?post=16201"}],"wp:featuredmedia":[{"embeddable":true,"href":"https:\/\/portal.fgeo.gob.mx\/index.php\/wp-json\/wp\/v2\/media\/6566"}],"wp:attachment":[{"href":"https:\/\/portal.fgeo.gob.mx\/index.php\/wp-json\/wp\/v2\/media?parent=16201"}],"wp:term":[{"taxonomy":"post_tag","embeddable":true,"href":"https:\/\/portal.fgeo.gob.mx\/index.php\/wp-json\/wp\/v2\/tags?post=16201"},{"taxonomy":"categoria_noticias","embeddable":true,"href":"https:\/\/portal.fgeo.gob.mx\/index.php\/wp-json\/wp\/v2\/categoria_noticias?post=16201"}],"curies":[{"name":"wp","href":"https:\/\/api.w.org\/{rel}","templated":true}]}}