{"id":16200,"date":"2024-07-05T15:26:27","date_gmt":"2024-07-05T21:26:27","guid":{"rendered":"https:\/\/fge.oaxaca.gob.mx\/?post_type=noticias&amp;p=6680"},"modified":"2024-07-05T15:26:27","modified_gmt":"2024-07-05T21:26:27","slug":"boletin-832-logra-fgeo-fallo-condenatorio-contra-responsable-de-homicidio-cometido-en-la-mixteca","status":"publish","type":"noticias","link":"https:\/\/portal.fgeo.gob.mx\/index.php\/archivos\/noticias\/boletin-832-logra-fgeo-fallo-condenatorio-contra-responsable-de-homicidio-cometido-en-la-mixteca","title":{"rendered":"BOLET\u00cdN 832.- Logra FGEO fallo condenatorio contra responsable de homicidio cometido en la Mixteca"},"content":{"rendered":"<p>Oaxaca de Ju\u00e1rez, Oax., a 05 de julio de 2024.- Las labores de investigaci\u00f3n especializada en delitos de alto impacto que realiza la Fiscal\u00eda General del Estado de Oaxaca (FGEO) dieron como resultado la obtenci\u00f3n de una fallo condenatorio en contra de una persona del sexo masculino identificada como Jos\u00e9. M.C.S., alias &#8220;El Cabe&#8221;, por su responsabilidad en la comisi\u00f3n de los delitos de Homicidio Calificado con Ventaja y Lesiones Calificadas con Ventaja en agravio de dos personas, en hechos ocurridos en la regi\u00f3n de la Mixteca.<\/p>\n<p>&nbsp;<\/p>\n<p>De acuerdo al expediente penal, los hechos ocurrieron el 19 de abril de 2023, cuando las v\u00edctimas identificadas como D.S.C., y B.A.P.R., la primera del sexo femenino y el segundo masculino, se encontraban en el interior de unas canchas de basquetbol de la colonia La Merced del municipio de Huajuapan de Le\u00f3n, lugar hasta donde lleg\u00f3 Jos\u00e9 M.C.S., alias &#8220;El Cabe&#8221;, junto con otras personas para atacar con disparos de armas de fuego a las dos personas, privando de la vida a una de ellas y dejando con severas lesiones a la otra.<\/p>\n<p>&nbsp;<\/p>\n<p>Ante tal situaci\u00f3n y tras la denuncia interpuesta ante la FGEO, se iniciaron los trabajos de investigaci\u00f3n a cargo de la Fiscal\u00eda Especializada para la Atenci\u00f3n a Delitos de Alto Impacto logrando una orden de aprehensi\u00f3n contra el imputado para presentarlo ante el juez que lo requiri\u00f3.<\/p>\n<p>&nbsp;<\/p>\n<p>Luego de evaluar los datos de prueba aportados por la Fiscal\u00eda, derivado de la audiencia de fallo deliberatorio, el Tribunal de Enjuiciamiento dict\u00f3 fallo condenatorio contra el imputado Jos\u00e9. M.C.S., alias &#8220;El Cabe&#8221;, por los delitos de Homicidio Calificado con Ventaja y Lesiones Calificadas con Ventaja, dando un plazo de tiempo para la lectura de la pena.<\/p>\n<p>&nbsp;<\/p>\n<p>La Fiscal\u00eda General garantiza investigaciones exhaustivas para esclarecer delitos, aplicando las herramientas legales para castigar a quien o quienes resulten responsables.<\/p>\n<p>&nbsp;<\/p>\n","protected":false},"author":2,"featured_media":6566,"comment_status":"closed","ping_status":"closed","template":"","tags":[],"categoria_noticias":[],"class_list":["post-16200","noticias","type-noticias","status-publish","has-post-thumbnail","hentry"],"acf":[],"mb":[],"mfb_rest_fields":["title","gutenberg_elementor_mode"],"_links":{"self":[{"href":"https:\/\/portal.fgeo.gob.mx\/index.php\/wp-json\/wp\/v2\/noticias\/16200","targetHints":{"allow":["GET"]}}],"collection":[{"href":"https:\/\/portal.fgeo.gob.mx\/index.php\/wp-json\/wp\/v2\/noticias"}],"about":[{"href":"https:\/\/portal.fgeo.gob.mx\/index.php\/wp-json\/wp\/v2\/types\/noticias"}],"author":[{"embeddable":true,"href":"https:\/\/portal.fgeo.gob.mx\/index.php\/wp-json\/wp\/v2\/users\/2"}],"replies":[{"embeddable":true,"href":"https:\/\/portal.fgeo.gob.mx\/index.php\/wp-json\/wp\/v2\/comments?post=16200"}],"wp:featuredmedia":[{"embeddable":true,"href":"https:\/\/portal.fgeo.gob.mx\/index.php\/wp-json\/wp\/v2\/media\/6566"}],"wp:attachment":[{"href":"https:\/\/portal.fgeo.gob.mx\/index.php\/wp-json\/wp\/v2\/media?parent=16200"}],"wp:term":[{"taxonomy":"post_tag","embeddable":true,"href":"https:\/\/portal.fgeo.gob.mx\/index.php\/wp-json\/wp\/v2\/tags?post=16200"},{"taxonomy":"categoria_noticias","embeddable":true,"href":"https:\/\/portal.fgeo.gob.mx\/index.php\/wp-json\/wp\/v2\/categoria_noticias?post=16200"}],"curies":[{"name":"wp","href":"https:\/\/api.w.org\/{rel}","templated":true}]}}