{"id":16198,"date":"2024-07-04T14:25:57","date_gmt":"2024-07-04T20:25:57","guid":{"rendered":"https:\/\/fge.oaxaca.gob.mx\/?post_type=noticias&amp;p=6677"},"modified":"2024-07-04T14:25:57","modified_gmt":"2024-07-04T20:25:57","slug":"boletin-830-fiscalia-de-oaxaca-obtiene-auto-de-formal-prision-por-el-delito-de-homicidio-hechos-ocurridos-en-el-valle-de-etla","status":"publish","type":"noticias","link":"https:\/\/portal.fgeo.gob.mx\/index.php\/archivos\/noticias\/boletin-830-fiscalia-de-oaxaca-obtiene-auto-de-formal-prision-por-el-delito-de-homicidio-hechos-ocurridos-en-el-valle-de-etla","title":{"rendered":"BOLET\u00cdN 830.- Fiscal\u00eda de Oaxaca obtiene auto de formal prisi\u00f3n por el delito de homicidio; hechos ocurridos en el Valle de Etla"},"content":{"rendered":"<p style=\"font-weight: 400\"><em>Oaxaca de Ju\u00e1rez, Oax., 04 de julio de 2024.-<\/em>\u00a0La Fiscal\u00eda General del Estado de Oaxaca (FGEO) obtuvo auto de formal prisi\u00f3n en contra de una persona del sexo masculino identificada como R.J.M., por el delito de Homicidio Calificado, cometido en agravio de A.C.A.G., ocurrido en la regi\u00f3n de los Valles Centrales.<\/p>\n<p style=\"font-weight: 400\">De acuerdo con el expediente penal del caso, los hechos ocurrieron el 19 de mayo de 2012, en una casa habitaci\u00f3n ubicada en el fraccionamiento de San Miguel Guelache, Etla, lugar donde la v\u00edctima fue citada y posteriormente atacada con un arma de fuego.<\/p>\n<p style=\"font-weight: 400\">La investigaci\u00f3n revela que la v\u00edctima hab\u00eda acudido al domicilio mencionado para ofrecer un producto, del cual le fue despojado una vez que lo privaron de la vida.<\/p>\n<p style=\"font-weight: 400\">El expediente agrega que el cuerpo de la v\u00edctima fue hallado en un paraje cerca del R\u00edo Salinas cerca de la carretera que conduce a Magdalena Jaltepec, Nochixtl\u00e1n.<\/p>\n<p style=\"font-weight: 400\">Una vez que la FGEO tom\u00f3 conocimiento del caso, inici\u00f3 las investigaciones correspondientes a trav\u00e9s de la Vicefiscal\u00eda de Control Regional logrando obtener una orden de aprehensi\u00f3n que se ejecut\u00f3 en contra de A. C. A. G., quien qued\u00f3 a disposici\u00f3n del Ministerio P\u00fablico.<\/p>\n<p style=\"font-weight: 400\">Al presentar las pruebas del caso, el Juez que atiende la causa realiz\u00f3 el an\u00e1lisis correspondiente y conform\u00e9 a ello dict\u00f3 auto de formal prisi\u00f3n en contra de R.J.M., por el delito de Homicidio Calificado con las Agravantes de Premeditaci\u00f3n, Alevos\u00eda, Ventaja y Traici\u00f3n.<\/p>\n<p style=\"font-weight: 400\">La investigaci\u00f3n especializada en delitos de alto impacto, que realiza la Fiscal\u00eda de Oaxaca, se enmarca en protocolos jur\u00eddicos que permiten obtener resultados concretos en favor de las v\u00edctimas directas e indirectas.<\/p>\n<p style=\"font-weight: 400\"><img fetchpriority=\"high\" decoding=\"async\" class=\"alignnone size-medium wp-image-6678\" src=\"https:\/\/portal.fgeo.gob.mx\/wp-content\/uploads\/2024\/07\/WhatsApp-Image-2024-07-04-at-13.47.23-300x300.jpeg\" alt=\"\" width=\"300\" height=\"300\" \/><\/p>\n","protected":false},"author":2,"featured_media":6566,"comment_status":"closed","ping_status":"closed","template":"","tags":[],"categoria_noticias":[],"class_list":["post-16198","noticias","type-noticias","status-publish","has-post-thumbnail","hentry"],"acf":[],"mb":[],"mfb_rest_fields":["title","gutenberg_elementor_mode"],"_links":{"self":[{"href":"https:\/\/portal.fgeo.gob.mx\/index.php\/wp-json\/wp\/v2\/noticias\/16198","targetHints":{"allow":["GET"]}}],"collection":[{"href":"https:\/\/portal.fgeo.gob.mx\/index.php\/wp-json\/wp\/v2\/noticias"}],"about":[{"href":"https:\/\/portal.fgeo.gob.mx\/index.php\/wp-json\/wp\/v2\/types\/noticias"}],"author":[{"embeddable":true,"href":"https:\/\/portal.fgeo.gob.mx\/index.php\/wp-json\/wp\/v2\/users\/2"}],"replies":[{"embeddable":true,"href":"https:\/\/portal.fgeo.gob.mx\/index.php\/wp-json\/wp\/v2\/comments?post=16198"}],"wp:featuredmedia":[{"embeddable":true,"href":"https:\/\/portal.fgeo.gob.mx\/index.php\/wp-json\/wp\/v2\/media\/6566"}],"wp:attachment":[{"href":"https:\/\/portal.fgeo.gob.mx\/index.php\/wp-json\/wp\/v2\/media?parent=16198"}],"wp:term":[{"taxonomy":"post_tag","embeddable":true,"href":"https:\/\/portal.fgeo.gob.mx\/index.php\/wp-json\/wp\/v2\/tags?post=16198"},{"taxonomy":"categoria_noticias","embeddable":true,"href":"https:\/\/portal.fgeo.gob.mx\/index.php\/wp-json\/wp\/v2\/categoria_noticias?post=16198"}],"curies":[{"name":"wp","href":"https:\/\/api.w.org\/{rel}","templated":true}]}}