{"id":16192,"date":"2024-07-02T15:00:15","date_gmt":"2024-07-02T21:00:15","guid":{"rendered":"https:\/\/fge.oaxaca.gob.mx\/?post_type=noticias&amp;p=6665"},"modified":"2024-07-02T15:00:15","modified_gmt":"2024-07-02T21:00:15","slug":"boletin-824-fgeo-obtiene-auto-de-vinculacion-a-proceso-a-dos-personas-por-el-robo-de-un-camion-tipo-volteo-ocurrido-en-los-valles-centrales","status":"publish","type":"noticias","link":"https:\/\/portal.fgeo.gob.mx\/index.php\/archivos\/noticias\/boletin-824-fgeo-obtiene-auto-de-vinculacion-a-proceso-a-dos-personas-por-el-robo-de-un-camion-tipo-volteo-ocurrido-en-los-valles-centrales","title":{"rendered":"BOLET\u00cdN 824.- FGEO obtiene auto de vinculaci\u00f3n a proceso a dos personas por el robo de un cami\u00f3n tipo volteo ocurrido en los Valles Centrales"},"content":{"rendered":"<p>Oaxaca de Ju\u00e1rez, Oax., a 02 de julio de 2024.- Como resultado de los trabajos de inteligencia e investigaci\u00f3n efectuados por personal de la Fiscal\u00eda General del Estado de Oaxaca (FGEO) se obtuvo auto de vinculaci\u00f3n a proceso contra dos personas del sexo masculino identificadas como J.E.L.P. y J.A.C.F., por el delito de Robo Espec\u00edfico ocurrida en el distrito de Zimatl\u00e1n de \u00c1lvarez en la regi\u00f3n de los Valles Centrales.<\/p>\n<p>De acuerdo con la causa penal del caso, los hechos ocurrieron el 13 de junio de 2024, en el paraje Curva del Gallo de Santa In\u00e9s del Monte perteneciente a la Villa de Zaachila, lugar donde la v\u00edctima identificada como F.R.G., fue despojada con violencia de su unidad de motor, un cami\u00f3n tipo volteo cargado de grava y varilla.<\/p>\n<p>Tras la denuncia interpuesta y al reunir los elementos necesarios para la investigaci\u00f3n, la FGEO a trav\u00e9s de la Vicefiscal\u00eda Regional de Valles Centrales, despleg\u00f3 a un equipo de elementos de la Agencia Estatal de Investigaciones (AEI) al lugar de los hechos, recuperando m\u00e1s tarde la unidad de motor en el municipio vecino de Magdalena Mixtepec, logrando al mismo tiempo la detenci\u00f3n de los imputados.<\/p>\n<p>Luego de recabar y evaluar los datos de prueba que present\u00f3 la FGEO ante el Juez que atiende la causa, J.E.L.P. y J.A.C.F quedaron vinculados a proceso por el delito de Robo Espec\u00edfico cometido en perjuicio patrimonial de F.R.G., dict\u00e1ndole la medida cautelar de prisi\u00f3n preventiva justificada.<\/p>\n<p>Estas acciones, forman parte del trabajo que realiza la Fiscal\u00eda de Oaxaca para combatir la comisi\u00f3n de delitos de Alto Impacto en los Valles Centrales, a fin de garantizar la seguridad p\u00fablica a favor de la ciudadan\u00eda.&#8221;<\/p>\n","protected":false},"author":2,"featured_media":6566,"comment_status":"closed","ping_status":"closed","template":"","tags":[],"categoria_noticias":[],"class_list":["post-16192","noticias","type-noticias","status-publish","has-post-thumbnail","hentry"],"acf":[],"mb":[],"mfb_rest_fields":["title","gutenberg_elementor_mode"],"_links":{"self":[{"href":"https:\/\/portal.fgeo.gob.mx\/index.php\/wp-json\/wp\/v2\/noticias\/16192","targetHints":{"allow":["GET"]}}],"collection":[{"href":"https:\/\/portal.fgeo.gob.mx\/index.php\/wp-json\/wp\/v2\/noticias"}],"about":[{"href":"https:\/\/portal.fgeo.gob.mx\/index.php\/wp-json\/wp\/v2\/types\/noticias"}],"author":[{"embeddable":true,"href":"https:\/\/portal.fgeo.gob.mx\/index.php\/wp-json\/wp\/v2\/users\/2"}],"replies":[{"embeddable":true,"href":"https:\/\/portal.fgeo.gob.mx\/index.php\/wp-json\/wp\/v2\/comments?post=16192"}],"wp:featuredmedia":[{"embeddable":true,"href":"https:\/\/portal.fgeo.gob.mx\/index.php\/wp-json\/wp\/v2\/media\/6566"}],"wp:attachment":[{"href":"https:\/\/portal.fgeo.gob.mx\/index.php\/wp-json\/wp\/v2\/media?parent=16192"}],"wp:term":[{"taxonomy":"post_tag","embeddable":true,"href":"https:\/\/portal.fgeo.gob.mx\/index.php\/wp-json\/wp\/v2\/tags?post=16192"},{"taxonomy":"categoria_noticias","embeddable":true,"href":"https:\/\/portal.fgeo.gob.mx\/index.php\/wp-json\/wp\/v2\/categoria_noticias?post=16192"}],"curies":[{"name":"wp","href":"https:\/\/api.w.org\/{rel}","templated":true}]}}