{"id":16191,"date":"2024-07-02T12:44:18","date_gmt":"2024-07-02T18:44:18","guid":{"rendered":"https:\/\/fge.oaxaca.gob.mx\/?post_type=noticias&amp;p=6664"},"modified":"2024-07-02T12:44:18","modified_gmt":"2024-07-02T18:44:18","slug":"boletin-823-obtiene-fiscalia-de-oaxaca-vinculacion-a-proceso-contra-imputado-por-el-delito-de-homicidio-calificado-cometido-en-putla-villa-de-guerrero","status":"publish","type":"noticias","link":"https:\/\/portal.fgeo.gob.mx\/index.php\/archivos\/noticias\/boletin-823-obtiene-fiscalia-de-oaxaca-vinculacion-a-proceso-contra-imputado-por-el-delito-de-homicidio-calificado-cometido-en-putla-villa-de-guerrero","title":{"rendered":"BOLET\u00cdN 823.- Obtiene Fiscal\u00eda de Oaxaca vinculaci\u00f3n a proceso contra imputado por el delito de homicidio calificado cometido en Putla Villa de Guerrero"},"content":{"rendered":"<p>Oaxaca de Ju\u00e1rez, Oax., a 02 de julio de 2024.-La Fiscal\u00eda General del Estado de Oaxaca (FGEO) obtuvo del Juzgado de Control, auto de vinculaci\u00f3n a proceso en contra de una persona del sexo masculino identificada como A.S.R., por el delito de Homicidio Calificado con Ventaja en agravio de una mujer que en vida respondi\u00f3 al nombre de J.G.O., cometido en Putla Villa de Guerrero en la regi\u00f3n Sierra Sur.<\/p>\n<p>De acuerdo con lo asentado en el expediente de la FGEO, los hechos ocurrieron el 22 de marzo de 2011, en un inmueble ubicado en la calle Baja California del Barrio &#8220;&#8221;La Cieneguilla&#8221;&#8221; de Putla de Guerrero, lugar donde la v\u00edctima sufri\u00f3 una agresi\u00f3n por disparos de arma de fuego, infligiendo lesiones que provocaron su muerte.<\/p>\n<p>Tras estos hechos, la FGEO inici\u00f3 las investigaciones correspondientes a trav\u00e9s de la Vicefiscal\u00eda Regional de la Mixteca, gracias a las cuales fue posible la detenci\u00f3n del imputado, mismo que fue presentado ante el Juez que conoce la causa.<\/p>\n<p>Derivado de los datos de prueba aportados por la Fiscal\u00eda de Oaxaca, el Juez en turno determin\u00f3 vincular a proceso a A.S.R., por el delito de homicidio calificado con ventaja, adem\u00e1s de imponer la medida cautelar de prisi\u00f3n preventiva oficiosa y otorgar el plazo de dos meses para el cierre de investigaci\u00f3n complementaria.<\/p>\n<p>La Fiscal\u00eda General garantiza investigaciones exhaustivas para esclarecer delitos, aplicando las herramientas legales para castigar a quien o quienes resulten responsables.<\/p>\n","protected":false},"author":2,"featured_media":6566,"comment_status":"closed","ping_status":"closed","template":"","tags":[],"categoria_noticias":[],"class_list":["post-16191","noticias","type-noticias","status-publish","has-post-thumbnail","hentry"],"acf":[],"mb":[],"mfb_rest_fields":["title","gutenberg_elementor_mode"],"_links":{"self":[{"href":"https:\/\/portal.fgeo.gob.mx\/index.php\/wp-json\/wp\/v2\/noticias\/16191","targetHints":{"allow":["GET"]}}],"collection":[{"href":"https:\/\/portal.fgeo.gob.mx\/index.php\/wp-json\/wp\/v2\/noticias"}],"about":[{"href":"https:\/\/portal.fgeo.gob.mx\/index.php\/wp-json\/wp\/v2\/types\/noticias"}],"author":[{"embeddable":true,"href":"https:\/\/portal.fgeo.gob.mx\/index.php\/wp-json\/wp\/v2\/users\/2"}],"replies":[{"embeddable":true,"href":"https:\/\/portal.fgeo.gob.mx\/index.php\/wp-json\/wp\/v2\/comments?post=16191"}],"wp:featuredmedia":[{"embeddable":true,"href":"https:\/\/portal.fgeo.gob.mx\/index.php\/wp-json\/wp\/v2\/media\/6566"}],"wp:attachment":[{"href":"https:\/\/portal.fgeo.gob.mx\/index.php\/wp-json\/wp\/v2\/media?parent=16191"}],"wp:term":[{"taxonomy":"post_tag","embeddable":true,"href":"https:\/\/portal.fgeo.gob.mx\/index.php\/wp-json\/wp\/v2\/tags?post=16191"},{"taxonomy":"categoria_noticias","embeddable":true,"href":"https:\/\/portal.fgeo.gob.mx\/index.php\/wp-json\/wp\/v2\/categoria_noticias?post=16191"}],"curies":[{"name":"wp","href":"https:\/\/api.w.org\/{rel}","templated":true}]}}