{"id":16190,"date":"2024-07-02T10:37:10","date_gmt":"2024-07-02T16:37:10","guid":{"rendered":"https:\/\/fge.oaxaca.gob.mx\/?post_type=noticias&amp;p=6663"},"modified":"2024-07-02T10:37:10","modified_gmt":"2024-07-02T16:37:10","slug":"boletin-822-obtiene-fiscalia-de-oaxaca-vinculacion-a-proceso-y-prision-contra-imputados-por-violencia-familiar-cometida-en-la-region-de-la-costa","status":"publish","type":"noticias","link":"https:\/\/portal.fgeo.gob.mx\/index.php\/archivos\/noticias\/boletin-822-obtiene-fiscalia-de-oaxaca-vinculacion-a-proceso-y-prision-contra-imputados-por-violencia-familiar-cometida-en-la-region-de-la-costa","title":{"rendered":"BOLET\u00cdN 822.- Obtiene Fiscal\u00eda de Oaxaca vinculaci\u00f3n a proceso y prisi\u00f3n contra imputados por violencia familiar cometida en la regi\u00f3n de la Costa"},"content":{"rendered":"<p>&nbsp;<\/p>\n<p>Oaxaca de Ju\u00e1rez, Oax., a 02 de julio de 2024.- La Fiscal\u00eda General del Estado de Oaxaca (FGEO) obtuvo auto de vinculaci\u00f3n a proceso y prisi\u00f3n preventiva en contra dos personas del sexo masculino identificada como L.G. y L.G.U., por el delito de violencia familiar ocurrida en la regi\u00f3n de la Costa.<\/p>\n<p>De acuerdo con lo asentado en el expediente penal del caso, los hechos ocurrieron el 20 de febrero de 2024, cuando la v\u00edctima S.E.G. se encontraba en su domicilio ubicado en la localidad de Santa Mar\u00eda Yolotepec, perteneciente al municipio de Santa Catarina Juquila, lugar al que llegaron los agresores que golpearon a la v\u00edctima.<\/p>\n<p>Tras recibir la denuncia por los hechos, la FGEO -a trav\u00e9s de la Vicefiscal\u00eda Regional de la Costa- inici\u00f3 las investigaciones correspondientes, gracias a las cuales se obtuvo una orden de aprehensi\u00f3n contra L.G. y L.G.U., logrando la detenci\u00f3n para ser presentados ante el juzgado correspondiente.<\/p>\n<p>Una vez presentados ante la autoridad competente y tras aportar las pruebas ministeriales, el Juez que atiende la causa dict\u00f3 auto de vinculaci\u00f3n a proceso en contra de los imputados por el delito de violencia familiar e impuso la medida cautelar de prisi\u00f3n preventiva, otorgando el plazo de dos meses para el cierre de investigaci\u00f3n complementaria.<\/p>\n<p>La Fiscal\u00eda General de Oaxaca refrenda su compromiso de seguir trabajando para dar resultados inmediatos y no dejar en la impunidad hechos que vulneren o atenten contra la integridad de las v\u00edctimas.<\/p>\n<p>&nbsp;<\/p>\n","protected":false},"author":2,"featured_media":6566,"comment_status":"closed","ping_status":"closed","template":"","tags":[],"categoria_noticias":[],"class_list":["post-16190","noticias","type-noticias","status-publish","has-post-thumbnail","hentry"],"acf":[],"mb":[],"mfb_rest_fields":["title","gutenberg_elementor_mode"],"_links":{"self":[{"href":"https:\/\/portal.fgeo.gob.mx\/index.php\/wp-json\/wp\/v2\/noticias\/16190","targetHints":{"allow":["GET"]}}],"collection":[{"href":"https:\/\/portal.fgeo.gob.mx\/index.php\/wp-json\/wp\/v2\/noticias"}],"about":[{"href":"https:\/\/portal.fgeo.gob.mx\/index.php\/wp-json\/wp\/v2\/types\/noticias"}],"author":[{"embeddable":true,"href":"https:\/\/portal.fgeo.gob.mx\/index.php\/wp-json\/wp\/v2\/users\/2"}],"replies":[{"embeddable":true,"href":"https:\/\/portal.fgeo.gob.mx\/index.php\/wp-json\/wp\/v2\/comments?post=16190"}],"wp:featuredmedia":[{"embeddable":true,"href":"https:\/\/portal.fgeo.gob.mx\/index.php\/wp-json\/wp\/v2\/media\/6566"}],"wp:attachment":[{"href":"https:\/\/portal.fgeo.gob.mx\/index.php\/wp-json\/wp\/v2\/media?parent=16190"}],"wp:term":[{"taxonomy":"post_tag","embeddable":true,"href":"https:\/\/portal.fgeo.gob.mx\/index.php\/wp-json\/wp\/v2\/tags?post=16190"},{"taxonomy":"categoria_noticias","embeddable":true,"href":"https:\/\/portal.fgeo.gob.mx\/index.php\/wp-json\/wp\/v2\/categoria_noticias?post=16190"}],"curies":[{"name":"wp","href":"https:\/\/api.w.org\/{rel}","templated":true}]}}