{"id":16185,"date":"2024-06-28T08:50:12","date_gmt":"2024-06-28T14:50:12","guid":{"rendered":"https:\/\/fge.oaxaca.gob.mx\/?post_type=noticias&amp;p=6649"},"modified":"2024-06-28T08:50:12","modified_gmt":"2024-06-28T14:50:12","slug":"boletin-816-logra-fgeo-sentencia-de-186-anos-contra-responsable-de-homicidio-de-una-familia-en-la-region-del-istmo-de-tehuantepec","status":"publish","type":"noticias","link":"https:\/\/portal.fgeo.gob.mx\/index.php\/archivos\/noticias\/boletin-816-logra-fgeo-sentencia-de-186-anos-contra-responsable-de-homicidio-de-una-familia-en-la-region-del-istmo-de-tehuantepec","title":{"rendered":"BOLET\u00cdN 816.- Logra FGEO sentencia de 186 a\u00f1os contra responsable de homicidio de una familia en la regi\u00f3n del Istmo de Tehuantepec"},"content":{"rendered":"<p>Oaxaca de Ju\u00e1rez, Oax., a 28 de junio de 2024.- Como parte de las labores de investigaci\u00f3n ministerial para fortalecer las acciones de procuraci\u00f3n de justicia, la\u00a0 Fiscal\u00eda General del Estado de Oaxaca (FGEO) obtuvo una sentencia condenatoria de 186 a\u00f1os de prisi\u00f3n contra una persona del sexo masculino identificado como M.A.J.A. por el delito de Homicidio Calificado con Ventaja y Tentativa de Homicidio Calificado con Ventaja en agravio de una familia, en hechos ocurridos en la regi\u00f3n del Istmo de Tehuantepec.<\/p>\n<p>De acuerdo con la causa penal del caso, los hechos ocurrieron el 6 de febrero de 2022, en un domicilio ubicado en calle David L\u00f3pez Nelio de la colonia Gustavo Pineda de La Cruz en el municipio de Juchit\u00e1n de Zaragoza, lugar donde el imputado lleg\u00f3 a bordo de una unidad de motor, descendi\u00f3 y empu\u00f1\u00f3 un arma de fuego, ingres\u00f3 al hogar y agredi\u00f3 con disparos a las personas que se encontraban en el interior de la vivienda.<\/p>\n<p>En la agresi\u00f3n armada perdieron la vida cuatro personas identificadas como A V.S., V.V.S., N.E.C.S., y una ni\u00f1a de tres a\u00f1os de edad (cuya identidad es reservada por ley), mientras que J.V.S. sobrevivi\u00f3 aunque result\u00f3 con lesiones de gravedad.<\/p>\n<p>Una vez que la FGEO tom\u00f3 conocimiento del caso a trav\u00e9s de la Vicefiscal\u00eda Regional del Istmo, inici\u00f3 las investigaciones correspondientes y derivado de ello, obtuvo orden de aprehensi\u00f3n contra el imputado quien fue capturado a trav\u00e9s de un operativo interinstitucional para despu\u00e9s llevarlo ante el Juez que lo requiri\u00f3.<\/p>\n<p>En audiencia y tras valorar las pruebas presentadas por la Fiscal\u00eda de Oaxaca, el juez dict\u00f3 186 a\u00f1os de prisi\u00f3n contra M A.J.A., por su responsabilidad en el delito de Homicidio Calificado con Ventaja y Tentativa de Homicidio Calificado con Ventaja, adem\u00e1s que impuso el pago por la cantidad de un mill\u00f3n 519 mil pesos por concepto de reparaci\u00f3n del da\u00f1o.<\/p>\n<p>El empleo de protocolos y la aplicaci\u00f3n de t\u00e9cnicas cient\u00edficas en las investigaciones de delitos de alto impacto, permiten a la Fiscal\u00eda General de Oaxaca tener certeza en los trabajos de procuraci\u00f3n de justicia en el estado.<\/p>\n<p>&nbsp;<\/p>\n","protected":false},"author":2,"featured_media":6566,"comment_status":"closed","ping_status":"closed","template":"","tags":[],"categoria_noticias":[],"class_list":["post-16185","noticias","type-noticias","status-publish","has-post-thumbnail","hentry"],"acf":[],"mb":[],"mfb_rest_fields":["title","gutenberg_elementor_mode"],"_links":{"self":[{"href":"https:\/\/portal.fgeo.gob.mx\/index.php\/wp-json\/wp\/v2\/noticias\/16185","targetHints":{"allow":["GET"]}}],"collection":[{"href":"https:\/\/portal.fgeo.gob.mx\/index.php\/wp-json\/wp\/v2\/noticias"}],"about":[{"href":"https:\/\/portal.fgeo.gob.mx\/index.php\/wp-json\/wp\/v2\/types\/noticias"}],"author":[{"embeddable":true,"href":"https:\/\/portal.fgeo.gob.mx\/index.php\/wp-json\/wp\/v2\/users\/2"}],"replies":[{"embeddable":true,"href":"https:\/\/portal.fgeo.gob.mx\/index.php\/wp-json\/wp\/v2\/comments?post=16185"}],"wp:featuredmedia":[{"embeddable":true,"href":"https:\/\/portal.fgeo.gob.mx\/index.php\/wp-json\/wp\/v2\/media\/6566"}],"wp:attachment":[{"href":"https:\/\/portal.fgeo.gob.mx\/index.php\/wp-json\/wp\/v2\/media?parent=16185"}],"wp:term":[{"taxonomy":"post_tag","embeddable":true,"href":"https:\/\/portal.fgeo.gob.mx\/index.php\/wp-json\/wp\/v2\/tags?post=16185"},{"taxonomy":"categoria_noticias","embeddable":true,"href":"https:\/\/portal.fgeo.gob.mx\/index.php\/wp-json\/wp\/v2\/categoria_noticias?post=16185"}],"curies":[{"name":"wp","href":"https:\/\/api.w.org\/{rel}","templated":true}]}}