{"id":16184,"date":"2024-06-27T16:30:21","date_gmt":"2024-06-27T22:30:21","guid":{"rendered":"https:\/\/fge.oaxaca.gob.mx\/?post_type=noticias&amp;p=6648"},"modified":"2024-06-27T16:30:21","modified_gmt":"2024-06-27T22:30:21","slug":"boletin-815-logra-fgeo-sentencia-de-35-anos-de-prision-contra-sujeto-por-homicidio-cometido-en-san-pedro-pochutla","status":"publish","type":"noticias","link":"https:\/\/portal.fgeo.gob.mx\/index.php\/archivos\/noticias\/boletin-815-logra-fgeo-sentencia-de-35-anos-de-prision-contra-sujeto-por-homicidio-cometido-en-san-pedro-pochutla","title":{"rendered":"BOLET\u00cdN 815.- Logra FGEO sentencia de 35 a\u00f1os de prisi\u00f3n contra sujeto por Homicidio cometido en San Pedro Pochutla"},"content":{"rendered":"<p>Oaxaca de Ju\u00e1rez, Oax., a 27 de junio de 2024.- La investigaci\u00f3n especializada en delitos de alto impacto que realiza la Fiscal\u00eda General del Estado de Oaxaca (FGEO) hizo posible la obtenci\u00f3n de una sentencia condenatoria en contra de una persona del sexo masculino identificada como L.P.C., responsable en la comisi\u00f3n del delito de Homicidio Calificado, hechos ocurridos en la regi\u00f3n de la Costa.<\/p>\n<p>De acuerdo con el expediente penal, el 02 de octubre de 2023, la v\u00edctima -identificada como C.O.R.- sal\u00eda de su domicilio ubicado en el Barrio San Francisco, perteneciente a San Pedro Pochutla, lugar donde fue atacado con un arma corto-contundente (machete), caus\u00e1ndole lesiones que le provocaron la muerte.<\/p>\n<p>Ante los hechos, la FGEO tom\u00f3 conocimiento del caso e inici\u00f3 los trabajos ministeriales al respecto; resultante de las investigaciones realizadas por la Vicefiscal\u00eda Regional de la Costa se logr\u00f3 obtener y ejecutar una orden de aprehensi\u00f3n con lo cual fue posible presentar al imputado ante el Juez de la causa.<\/p>\n<p>Tras evaluar y analizar los datos de prueba aportados por la Fiscal\u00eda de Oaxaca, el Juez dict\u00f3 sentencia condenatoria de 35 a\u00f1os de prisi\u00f3n en contra de L.P.C., por su responsabilidad en la comisi\u00f3n del delito de homicidio calificado, adem\u00e1s que impuso el pago de m\u00e1s de 518 mil pesos por concepto de reparaci\u00f3n del da\u00f1o.<\/p>\n<p>La Fiscal\u00eda General de Oaxaca est\u00e1 comprometida con brindar atenci\u00f3n a los casos en delitos de alto impacto, para garantizar a las v\u00edctimas directas e indirectas un adecuado acceso a los procesos de procuraci\u00f3n de justicia.<\/p>\n<p>&nbsp;<\/p>\n","protected":false},"author":2,"featured_media":6566,"comment_status":"closed","ping_status":"closed","template":"","tags":[],"categoria_noticias":[],"class_list":["post-16184","noticias","type-noticias","status-publish","has-post-thumbnail","hentry"],"acf":[],"mb":[],"mfb_rest_fields":["title","gutenberg_elementor_mode"],"_links":{"self":[{"href":"https:\/\/portal.fgeo.gob.mx\/index.php\/wp-json\/wp\/v2\/noticias\/16184","targetHints":{"allow":["GET"]}}],"collection":[{"href":"https:\/\/portal.fgeo.gob.mx\/index.php\/wp-json\/wp\/v2\/noticias"}],"about":[{"href":"https:\/\/portal.fgeo.gob.mx\/index.php\/wp-json\/wp\/v2\/types\/noticias"}],"author":[{"embeddable":true,"href":"https:\/\/portal.fgeo.gob.mx\/index.php\/wp-json\/wp\/v2\/users\/2"}],"replies":[{"embeddable":true,"href":"https:\/\/portal.fgeo.gob.mx\/index.php\/wp-json\/wp\/v2\/comments?post=16184"}],"wp:featuredmedia":[{"embeddable":true,"href":"https:\/\/portal.fgeo.gob.mx\/index.php\/wp-json\/wp\/v2\/media\/6566"}],"wp:attachment":[{"href":"https:\/\/portal.fgeo.gob.mx\/index.php\/wp-json\/wp\/v2\/media?parent=16184"}],"wp:term":[{"taxonomy":"post_tag","embeddable":true,"href":"https:\/\/portal.fgeo.gob.mx\/index.php\/wp-json\/wp\/v2\/tags?post=16184"},{"taxonomy":"categoria_noticias","embeddable":true,"href":"https:\/\/portal.fgeo.gob.mx\/index.php\/wp-json\/wp\/v2\/categoria_noticias?post=16184"}],"curies":[{"name":"wp","href":"https:\/\/api.w.org\/{rel}","templated":true}]}}