{"id":16181,"date":"2024-06-26T13:00:30","date_gmt":"2024-06-26T19:00:30","guid":{"rendered":"https:\/\/fge.oaxaca.gob.mx\/?post_type=noticias&amp;p=6630"},"modified":"2024-06-26T13:00:30","modified_gmt":"2024-06-26T19:00:30","slug":"boletin-812-brinda-fiscal-de-oaxaca-disculpa-publica-por-violaciones-a-derechos-humanos-del-ciudadano-juan-jose-flores","status":"publish","type":"noticias","link":"https:\/\/portal.fgeo.gob.mx\/index.php\/archivos\/noticias\/boletin-812-brinda-fiscal-de-oaxaca-disculpa-publica-por-violaciones-a-derechos-humanos-del-ciudadano-juan-jose-flores","title":{"rendered":"BOLET\u00cdN 812.- Brinda Fiscal de Oaxaca disculpa p\u00fablica por violaciones a derechos humanos del ciudadano Juan Jos\u00e9 Flores"},"content":{"rendered":"<p>Oaxaca de Ju\u00e1rez, Oax., a 26 de junio de 2024.-El Fiscal General del Estado de Oaxaca, Bernardo Rodr\u00edguez Alamilla, brind\u00f3 una disculpa p\u00fablica a nombre de la Fiscal\u00eda General del Estado por violaciones a los derechos humanos cometidas en contra de Juan Jos\u00e9 Flores, por hechos ocurridos en 2015.<\/p>\n<p><img fetchpriority=\"high\" decoding=\"async\" class=\"alignnone size-medium wp-image-6631\" src=\"https:\/\/portal.fgeo.gob.mx\/wp-content\/uploads\/2024\/06\/5-1-300x200.jpeg\" alt=\"\" width=\"300\" height=\"200\" \/><\/p>\n<p>Durante su intervenci\u00f3n, el Fiscal de Oaxaca, Bernardo Rodr\u00edguez Alamilla, reconoci\u00f3 que elementos de la Agencia Estatal de Investigaciones vulneraron los derechos a la libertad y seguridad personal de Juan Jos\u00e9 Flores, v\u00edctima directa, cuando lo detuvieron sin que estuviera incurriendo en alguna conducta que pudiera ser constitutiva de delito.<\/p>\n<p>Acompa\u00f1ado por la coordinadora para la Atenci\u00f3n a los Derechos Humanos del Pueblo de Oaxaca, Flor Estela Morales Hern\u00e1ndez; el titular de la Comisi\u00f3n Ejecutiva de Atenci\u00f3n Integral a V\u00edctimas, H\u00e9ctor Eduardo Vila Ortiz; el director de la Segunda Defensor\u00eda de los Derechos Humanos del Pueblo de Oaxaca, Sergio Villareal Pinz\u00f3n; el Fiscal General, Bernardo Rodr\u00edguez, a\u00f1adi\u00f3 que los elementos de la Agencia Estatal de Investigaciones excedieron sus facultades legales con su conducta con lo que violaron los protocolos y reglamentos que rigen su actuaci\u00f3n.<\/p>\n<p><img decoding=\"async\" class=\"alignnone size-medium wp-image-6632\" src=\"https:\/\/portal.fgeo.gob.mx\/wp-content\/uploads\/2024\/06\/2-4-300x200.jpeg\" alt=\"\" width=\"300\" height=\"200\" \/><\/p>\n<p>Adem\u00e1s, en presencia de los familiares de la v\u00edctima directa, Juan Jos\u00e9 Flores, el Fiscal de Oaxaca record\u00f3 que los integrantes de la polic\u00eda investigadora tienen la obligaci\u00f3n constitucional de respetar, en forma irrestricta, los derechos humanos y la dignidad de las personas, pues es una regla y no una opci\u00f3n para las personas servidoras p\u00fablicas.<\/p>\n<p>El Fiscal Bernardo Rodr\u00edguez Alamilla reconoci\u00f3 la lucha de la v\u00edctima Juan Jos\u00e9 Flores, quien a pesar de que han transcurrido nueve a\u00f1os desde que ocurrieron los hechos, no ha desistido en su reclamo de justicia.<\/p>\n<p>Rodr\u00edguez Alamilla puntualiz\u00f3 que la Fiscal\u00eda General del Estado de Oaxaca est\u00e1 en un proceso de reconfiguraci\u00f3n institucional que tiene entre sus objetivos prioritarios erradicar las conductas que incurren en violaciones a los derechos humanos, esto por medio de acciones concretas encaminadas a la no repetici\u00f3n de este tipo de hechos.<\/p>\n<p>Al intervenir, la v\u00edctima directa, Juan Jos\u00e9 Flores dijo que este acto es importante para \u00e9l y su familia, ya que la situaci\u00f3n que enfrentaron en su momento fue muy dif\u00edcil, por lo que pidi\u00f3 que hechos de ese tipo no vuelvan a ocurrir en agravio de la ciudadan\u00eda.<\/p>\n<p>Finalmente, al participar el director de la Segunda Defensor\u00eda de los Derechos Humanos del Pueblo de Oaxaca, Sergio Villareal Pinz\u00f3n, manifest\u00f3 que el acto de disculpa p\u00fablica da cumplimiento a la Recomendaci\u00f3n 12\/2016, emitida por el organismo defensor de derechos humanos.<\/p>\n<p><img decoding=\"async\" class=\"alignnone size-medium wp-image-6633\" src=\"https:\/\/portal.fgeo.gob.mx\/wp-content\/uploads\/2024\/06\/1-4-300x200.jpeg\" alt=\"\" width=\"300\" height=\"200\" \/> <img loading=\"lazy\" decoding=\"async\" class=\"alignnone size-medium wp-image-6634\" src=\"https:\/\/portal.fgeo.gob.mx\/wp-content\/uploads\/2024\/06\/3-3-300x200.jpeg\" alt=\"\" width=\"300\" height=\"200\" \/> <img loading=\"lazy\" decoding=\"async\" class=\"alignnone size-medium wp-image-6635\" src=\"https:\/\/portal.fgeo.gob.mx\/wp-content\/uploads\/2024\/06\/4-1-300x200.jpeg\" alt=\"\" width=\"300\" height=\"200\" \/> <img loading=\"lazy\" decoding=\"async\" class=\"alignnone size-medium wp-image-6636\" src=\"https:\/\/portal.fgeo.gob.mx\/wp-content\/uploads\/2024\/06\/6-1-300x200.jpeg\" alt=\"\" width=\"300\" height=\"200\" \/><\/p>\n","protected":false},"author":2,"featured_media":6566,"comment_status":"closed","ping_status":"closed","template":"","tags":[],"categoria_noticias":[],"class_list":["post-16181","noticias","type-noticias","status-publish","has-post-thumbnail","hentry"],"acf":[],"mb":[],"mfb_rest_fields":["title","gutenberg_elementor_mode"],"_links":{"self":[{"href":"https:\/\/portal.fgeo.gob.mx\/index.php\/wp-json\/wp\/v2\/noticias\/16181","targetHints":{"allow":["GET"]}}],"collection":[{"href":"https:\/\/portal.fgeo.gob.mx\/index.php\/wp-json\/wp\/v2\/noticias"}],"about":[{"href":"https:\/\/portal.fgeo.gob.mx\/index.php\/wp-json\/wp\/v2\/types\/noticias"}],"author":[{"embeddable":true,"href":"https:\/\/portal.fgeo.gob.mx\/index.php\/wp-json\/wp\/v2\/users\/2"}],"replies":[{"embeddable":true,"href":"https:\/\/portal.fgeo.gob.mx\/index.php\/wp-json\/wp\/v2\/comments?post=16181"}],"wp:featuredmedia":[{"embeddable":true,"href":"https:\/\/portal.fgeo.gob.mx\/index.php\/wp-json\/wp\/v2\/media\/6566"}],"wp:attachment":[{"href":"https:\/\/portal.fgeo.gob.mx\/index.php\/wp-json\/wp\/v2\/media?parent=16181"}],"wp:term":[{"taxonomy":"post_tag","embeddable":true,"href":"https:\/\/portal.fgeo.gob.mx\/index.php\/wp-json\/wp\/v2\/tags?post=16181"},{"taxonomy":"categoria_noticias","embeddable":true,"href":"https:\/\/portal.fgeo.gob.mx\/index.php\/wp-json\/wp\/v2\/categoria_noticias?post=16181"}],"curies":[{"name":"wp","href":"https:\/\/api.w.org\/{rel}","templated":true}]}}