{"id":16179,"date":"2024-06-25T15:30:32","date_gmt":"2024-06-25T21:30:32","guid":{"rendered":"https:\/\/fge.oaxaca.gob.mx\/?post_type=noticias&amp;p=6628"},"modified":"2024-06-25T15:30:32","modified_gmt":"2024-06-25T21:30:32","slug":"boletin-810-obtiene-fiscalia-de-oaxaca-una-sentencia-condenatoria-y-dos-vinculaciones-a-proceso-por-violencia-familiar-cometidos-en-la-costa","status":"publish","type":"noticias","link":"https:\/\/portal.fgeo.gob.mx\/index.php\/archivos\/noticias\/boletin-810-obtiene-fiscalia-de-oaxaca-una-sentencia-condenatoria-y-dos-vinculaciones-a-proceso-por-violencia-familiar-cometidos-en-la-costa","title":{"rendered":"Bolet\u00edn 810.- Obtiene Fiscal\u00eda de Oaxaca una sentencia condenatoria y dos vinculaciones a proceso por Violencia Familiar cometidos en la Costa"},"content":{"rendered":"<p>Oaxaca de Ju\u00e1rez, Oax., a 25 de junio de 2024.- Como parte de la estrategia de cero tolerancia a delitos contra la mujer por raz\u00f3n de g\u00e9nero, la Fiscal\u00eda General del Estado de Oaxaca obtuvo una sentencia condenatoria y dos vinculaciones a proceso por tres casos diferentes de Violencia Familiar, hechos ocurridos en la regi\u00f3n de la Costa.<\/p>\n<p>El primer caso corresponde a hechos suscitados el 05 de enero de 2024, cuando la v\u00edctima identificada como S.G.A., se encontraba en su centro de trabajo, ubicado en Avenida Puerto Escondido del sector R, jurisdicci\u00f3n de Santa Cruz Huatulco, sitio al que lleg\u00f3 S.M.S., quien la agredi\u00f3.<\/p>\n<p>Ante estos hechos, la FGEO inici\u00f3 una exhaustiva investigaci\u00f3n a trav\u00e9s de la Vicefiscal\u00eda Regional de la Costa, la cual permiti\u00f3 llevar al imputado ante el Juez quien, en audiencia, dict\u00f3 sentencia condenatoria en contra de S.M.S., por su responsabilidad en la comisi\u00f3n del delito de violencia familiar, imponiendo la pena de dos a\u00f1os de prisi\u00f3n, adem\u00e1s de una multa y el pago de la reparaci\u00f3n del da\u00f1o en abstracto.<\/p>\n<p>El segundo hecho ocurri\u00f3 el 05 de junio de 2024, cuando la v\u00edctima identificada como A.E.G.L., se encontraba en su domicilio ubicado en la Colonia Libertad, en el municipio de Santa Mar\u00eda Colotepec, lugar al que arrib\u00f3 una persona para agredir a la v\u00edctima de manera f\u00edsica y verbal.<\/p>\n<p>Tras la denuncia, la FGEO inici\u00f3 las investigaciones correspondientes, por lo que elementos de la Agencia Estatal de Investigaciones (AEI) aprehendieron a I.C.P., quien qued\u00f3 vinculado a proceso por el delito de violencia familiar de acuerdo al dictamen emitido por un Juez, quien impuso medidas cautelares y otorg\u00f3 de tres meses para el cierre de investigaci\u00f3n complementaria.<\/p>\n<p>El tercer caso es una vinculaci\u00f3n a proceso obtenida por la FGEO por el delito de violencia familiar en la Costa, esta sucedi\u00f3 el 09 de agosto de 2022, cuando la v\u00edctima de iniciales J.A.A., se encontraba en su domicilio ubicado en la Colonia la Cruz, Rio Grande, en el municipio de la Villa de Tututepec, momento en que fue agredida.<\/p>\n<p>Tras acudir ante la FGEO, la Vicefiscal\u00eda Regional de la Costa realiz\u00f3 las indagatorias por las que se obtuvo una orden de aprehensi\u00f3n en contra de T.C.M., quien fue llevado ante el Juez que conoce la causa quien, luego de valorar las pruebas presentadas por la FGEO, determin\u00f3 vincular a proceso a T.C.M., por el delito de violencia familiar, adem\u00e1s de otorgar dos meses para el cierre de la investigaci\u00f3n.<\/p>\n<p>La Fiscal\u00eda General de Estado de Oaxaca realiza investigaciones multidisciplinarias y con perspectiva de g\u00e9nero, a fin de brindar a las v\u00edctimas directas e indirectas adecuados procesos de procuraci\u00f3n de justicia.<\/p>\n<p>&nbsp;<\/p>\n","protected":false},"author":2,"featured_media":6566,"comment_status":"closed","ping_status":"closed","template":"","tags":[],"categoria_noticias":[],"class_list":["post-16179","noticias","type-noticias","status-publish","has-post-thumbnail","hentry"],"acf":[],"mb":[],"mfb_rest_fields":["title","gutenberg_elementor_mode"],"_links":{"self":[{"href":"https:\/\/portal.fgeo.gob.mx\/index.php\/wp-json\/wp\/v2\/noticias\/16179","targetHints":{"allow":["GET"]}}],"collection":[{"href":"https:\/\/portal.fgeo.gob.mx\/index.php\/wp-json\/wp\/v2\/noticias"}],"about":[{"href":"https:\/\/portal.fgeo.gob.mx\/index.php\/wp-json\/wp\/v2\/types\/noticias"}],"author":[{"embeddable":true,"href":"https:\/\/portal.fgeo.gob.mx\/index.php\/wp-json\/wp\/v2\/users\/2"}],"replies":[{"embeddable":true,"href":"https:\/\/portal.fgeo.gob.mx\/index.php\/wp-json\/wp\/v2\/comments?post=16179"}],"wp:featuredmedia":[{"embeddable":true,"href":"https:\/\/portal.fgeo.gob.mx\/index.php\/wp-json\/wp\/v2\/media\/6566"}],"wp:attachment":[{"href":"https:\/\/portal.fgeo.gob.mx\/index.php\/wp-json\/wp\/v2\/media?parent=16179"}],"wp:term":[{"taxonomy":"post_tag","embeddable":true,"href":"https:\/\/portal.fgeo.gob.mx\/index.php\/wp-json\/wp\/v2\/tags?post=16179"},{"taxonomy":"categoria_noticias","embeddable":true,"href":"https:\/\/portal.fgeo.gob.mx\/index.php\/wp-json\/wp\/v2\/categoria_noticias?post=16179"}],"curies":[{"name":"wp","href":"https:\/\/api.w.org\/{rel}","templated":true}]}}