{"id":16178,"date":"2024-06-25T13:16:34","date_gmt":"2024-06-25T19:16:34","guid":{"rendered":"https:\/\/fge.oaxaca.gob.mx\/?post_type=noticias&amp;p=6627"},"modified":"2024-06-25T13:16:34","modified_gmt":"2024-06-25T19:16:34","slug":"boletin-809-fiscalia-de-oaxaca-obtiene-vinculacion-a-proceso-contra-tres-personas-por-despojo-agravado-cometido-en-la-region-de-la-costa","status":"publish","type":"noticias","link":"https:\/\/portal.fgeo.gob.mx\/index.php\/archivos\/noticias\/boletin-809-fiscalia-de-oaxaca-obtiene-vinculacion-a-proceso-contra-tres-personas-por-despojo-agravado-cometido-en-la-region-de-la-costa","title":{"rendered":"BOLET\u00cdN 809.- Fiscal\u00eda de Oaxaca obtiene vinculaci\u00f3n a proceso contra tres personas por despojo agravado cometido en la regi\u00f3n de la Costa"},"content":{"rendered":"<p>Oaxaca de Ju\u00e1rez, Oax., a 25 de junio de 2024.- Como resultado del trabajo de investigaci\u00f3n ministerial, la Fiscal\u00eda General del Estado de Oaxaca (FGEO) obtuvo auto de vinculaci\u00f3n a proceso contra tres personas identificadas como J.M.N.S., Y.P.E., y E.I.M.F., por el delito de Despojo Agravado en perjuicio patrimonial de P.E.O.A., hechos cometidos en la regi\u00f3n de la Costa.<\/p>\n<p>De acuerdo con la causa penal, el 05 de diciembre de 2023, un grupo de personas arrib\u00f3 a un inmueble ubicado en la calle Andador Rinconcito, en la agencia Municipal de Mazunte, perteneciente a Santa Mar\u00eda Tonameca, distrito de Pochutla, arrendado por la v\u00edctima para un local comercial.<\/p>\n<p>En el lugar, agredieron de forma violenta a la v\u00edctima y sus trabajadores, con el \u00e1nimo de tomar posesi\u00f3n del inmueble, adem\u00e1s de llevarse dinero en efectivo que hab\u00eda en la caja de cobro.<\/p>\n<p>Ante este hecho y tras la denuncia presentada, la Instituci\u00f3n de procuraci\u00f3n de justicia inici\u00f3 una exhaustiva investigaci\u00f3n -a trav\u00e9s de la Vicefiscal\u00eda Regional de la Costa-, logrando aprehender y presentar a los imputados ante el Juez de Control.<\/p>\n<p>En audiencia y tras evaluar los datos de prueba aportados por la FGEO, el Juez en turno dict\u00f3 auto de vinculaci\u00f3n a proceso para J.M.N.S., Y.P.E., y E.I.M.F., por el delito de despojo agravado y otorg\u00f3 el plazo de dos meses para el cierre de investigaci\u00f3n complementaria.<\/p>\n<p>La Fiscal\u00eda General garantiza justicia plena a v\u00edctimas de delitos, aplicando todo el rigor de la Ley a quien o quienes resulten responsables.<\/p>\n<p>&nbsp;<\/p>\n<p>&nbsp;<\/p>\n<p>&nbsp;<\/p>\n<p>&nbsp;<\/p>\n<p>&nbsp;<\/p>\n","protected":false},"author":2,"featured_media":6566,"comment_status":"closed","ping_status":"closed","template":"","tags":[],"categoria_noticias":[],"class_list":["post-16178","noticias","type-noticias","status-publish","has-post-thumbnail","hentry"],"acf":[],"mb":[],"mfb_rest_fields":["title","gutenberg_elementor_mode"],"_links":{"self":[{"href":"https:\/\/portal.fgeo.gob.mx\/index.php\/wp-json\/wp\/v2\/noticias\/16178","targetHints":{"allow":["GET"]}}],"collection":[{"href":"https:\/\/portal.fgeo.gob.mx\/index.php\/wp-json\/wp\/v2\/noticias"}],"about":[{"href":"https:\/\/portal.fgeo.gob.mx\/index.php\/wp-json\/wp\/v2\/types\/noticias"}],"author":[{"embeddable":true,"href":"https:\/\/portal.fgeo.gob.mx\/index.php\/wp-json\/wp\/v2\/users\/2"}],"replies":[{"embeddable":true,"href":"https:\/\/portal.fgeo.gob.mx\/index.php\/wp-json\/wp\/v2\/comments?post=16178"}],"wp:featuredmedia":[{"embeddable":true,"href":"https:\/\/portal.fgeo.gob.mx\/index.php\/wp-json\/wp\/v2\/media\/6566"}],"wp:attachment":[{"href":"https:\/\/portal.fgeo.gob.mx\/index.php\/wp-json\/wp\/v2\/media?parent=16178"}],"wp:term":[{"taxonomy":"post_tag","embeddable":true,"href":"https:\/\/portal.fgeo.gob.mx\/index.php\/wp-json\/wp\/v2\/tags?post=16178"},{"taxonomy":"categoria_noticias","embeddable":true,"href":"https:\/\/portal.fgeo.gob.mx\/index.php\/wp-json\/wp\/v2\/categoria_noticias?post=16178"}],"curies":[{"name":"wp","href":"https:\/\/api.w.org\/{rel}","templated":true}]}}