{"id":16177,"date":"2024-06-24T17:00:15","date_gmt":"2024-06-24T23:00:15","guid":{"rendered":"https:\/\/fge.oaxaca.gob.mx\/?post_type=noticias&amp;p=6626"},"modified":"2024-06-24T17:00:15","modified_gmt":"2024-06-24T23:00:15","slug":"boletin-807-fiscalia-de-oaxaca-obtiene-fallo-condenatorio-de-80-anos-contra-objetivos-prioritarios-de-la-region-del-istmo","status":"publish","type":"noticias","link":"https:\/\/portal.fgeo.gob.mx\/index.php\/archivos\/noticias\/boletin-807-fiscalia-de-oaxaca-obtiene-fallo-condenatorio-de-80-anos-contra-objetivos-prioritarios-de-la-region-del-istmo","title":{"rendered":"BOLET\u00cdN 807.- Fiscal\u00eda de Oaxaca obtiene fallo condenatorio de 80 a\u00f1os contra objetivos prioritarios de la regi\u00f3n del Istmo"},"content":{"rendered":"<p>Oaxaca de Ju\u00e1rez, Oax., a 24 de junio de 2024.- La investigaci\u00f3n especializada en delitos de alto impacto que realiza la Fiscal\u00eda General del Estado de Oaxaca (FGEO) hizo posible la obtenci\u00f3n de un fallo condenatorio en contra de dos personas del sexo masculino identificadas como E.J.M., alias el &#8220;S\u00faper Mu\u00f1eco&#8221;, y J.M.S., alias &#8220;El Chinto&#8221;, por el delito de homicidio calificado con ventaja, hechos ocurridos en la regi\u00f3n del Istmo de Tehuantepec.<\/p>\n<p>&nbsp;<\/p>\n<p>De acuerdo con el expediente penal del caso, los hechos ocurrieron el 18 de octubre de 2021, cuando las v\u00edctimas J.R.L y V.R.H., se encontraban en un terreno ubicado sobre el callej\u00f3n Laguna Yupi, de la colonia 5 de Mayo en el municipio de Juchit\u00e1n de Zaragoza, lugar a donde llegaron los imputados y atacaron con armas de fuego a sus v\u00edctimas, caus\u00e1ndoles lesiones que les provocaron la muerte.<\/p>\n<p>&nbsp;<\/p>\n<p>Ante estos hechos, la FGEO a trav\u00e9s de la Vicefiscal\u00eda Regional del Istmo, realiz\u00f3 las investigaciones correspondientes que permitieron aprehender y presentar ante el Juez de la Causa a ambos imputados que eran catalogados como objetivos prioritarios de la regi\u00f3n del Istmo.<\/p>\n<p>&nbsp;<\/p>\n<p>Tras valorar los datos de prueba aportados por la Fiscal\u00eda de Oaxaca, el Juez dict\u00f3 fallo condenatorio e impuso una pena de 80 a\u00f1os de prisi\u00f3n por su responsabilidad en la comisi\u00f3n del delito de homicidio calificado con ventaja, adem\u00e1s de que tendr\u00e1n que pagar una cantidad econ\u00f3mica por concepto de reparaci\u00f3n del da\u00f1o.<\/p>\n<p>&nbsp;<\/p>\n<p>La Fiscal\u00eda General de Oaxaca, est\u00e1 comprometida con brindar atenci\u00f3n a los casos en delitos de alto impacto, para garantizar a las v\u00edctimas directas e indirectas un adecuado acceso a los procesos de procuraci\u00f3n de justicia.<\/p>\n","protected":false},"author":2,"featured_media":6566,"comment_status":"closed","ping_status":"closed","template":"","tags":[],"categoria_noticias":[],"class_list":["post-16177","noticias","type-noticias","status-publish","has-post-thumbnail","hentry"],"acf":[],"mb":[],"mfb_rest_fields":["title","gutenberg_elementor_mode"],"_links":{"self":[{"href":"https:\/\/portal.fgeo.gob.mx\/index.php\/wp-json\/wp\/v2\/noticias\/16177","targetHints":{"allow":["GET"]}}],"collection":[{"href":"https:\/\/portal.fgeo.gob.mx\/index.php\/wp-json\/wp\/v2\/noticias"}],"about":[{"href":"https:\/\/portal.fgeo.gob.mx\/index.php\/wp-json\/wp\/v2\/types\/noticias"}],"author":[{"embeddable":true,"href":"https:\/\/portal.fgeo.gob.mx\/index.php\/wp-json\/wp\/v2\/users\/2"}],"replies":[{"embeddable":true,"href":"https:\/\/portal.fgeo.gob.mx\/index.php\/wp-json\/wp\/v2\/comments?post=16177"}],"wp:featuredmedia":[{"embeddable":true,"href":"https:\/\/portal.fgeo.gob.mx\/index.php\/wp-json\/wp\/v2\/media\/6566"}],"wp:attachment":[{"href":"https:\/\/portal.fgeo.gob.mx\/index.php\/wp-json\/wp\/v2\/media?parent=16177"}],"wp:term":[{"taxonomy":"post_tag","embeddable":true,"href":"https:\/\/portal.fgeo.gob.mx\/index.php\/wp-json\/wp\/v2\/tags?post=16177"},{"taxonomy":"categoria_noticias","embeddable":true,"href":"https:\/\/portal.fgeo.gob.mx\/index.php\/wp-json\/wp\/v2\/categoria_noticias?post=16177"}],"curies":[{"name":"wp","href":"https:\/\/api.w.org\/{rel}","templated":true}]}}