{"id":16175,"date":"2024-06-21T12:30:28","date_gmt":"2024-06-21T18:30:28","guid":{"rendered":"https:\/\/fge.oaxaca.gob.mx\/?post_type=noticias&amp;p=6612"},"modified":"2024-06-21T12:30:28","modified_gmt":"2024-06-21T18:30:28","slug":"boletin-806-fiscalia-de-oaxaca-logra-prision-preventiva-y-lleva-ante-juez-a-tres-imputados-por-robo-con-violencia-a-negocio-en-la-capital-del-estado","status":"publish","type":"noticias","link":"https:\/\/portal.fgeo.gob.mx\/index.php\/archivos\/noticias\/boletin-806-fiscalia-de-oaxaca-logra-prision-preventiva-y-lleva-ante-juez-a-tres-imputados-por-robo-con-violencia-a-negocio-en-la-capital-del-estado","title":{"rendered":"BOLET\u00cdN 806.- Fiscal\u00eda de Oaxaca logra prisi\u00f3n preventiva y lleva ante Juez a tres imputados por robo con violencia a negocio en la capital del estado"},"content":{"rendered":"<p>Oaxaca de Ju\u00e1rez, Oax. 21 de junio de 2024.- La Fiscal\u00eda General del Estado de Oaxaca (FGEO) obtuvo prisi\u00f3n preventiva oficiosa en contra de tres personas del sexo masculino identificadas como M.R.L. y\/o L.F.B.V., P.H.C., as\u00ed como C.V.G.A., por el delito de Robo Calificado con Violencia F\u00edsica y Moral cometido a trabajadores de un negocio con raz\u00f3n social denominada &#8220;Matus&#8221;, hechos suscitados en Oaxaca de Ju\u00e1rez.<\/p>\n<p>De acuerdo con la causa penal del caso, los hechos ocurrieron el 15 de junio del 2024 en un negocio denominado &#8220;Paqueter\u00eda Matus&#8221; ubicado en calles aleda\u00f1as al centro hist\u00f3rico de Oaxaca de Ju\u00e1rez.<\/p>\n<p>Los polic\u00edas municipales de Oaxaca de Ju\u00e1rez recibieron un reporte de C4, en el que informaban sobre el robo de un negocio y alertaban que hab\u00eda personas armadas en el lugar, por lo que intervinieron y frustraron un asalto, a la par, lograron la detenci\u00f3n de tres personas.<\/p>\n<p>Una vez detenidos, fueron puestos a disposici\u00f3n del Ministerio P\u00fablico y tras valorar los datos de pruebas, el Juez de Control calific\u00f3 como legal la detenci\u00f3n de M.R.L. y\/o L.F.B.V., P.H.C., as\u00ed como de C.V.G.A., imponi\u00e9ndoles prisi\u00f3n preventiva oficiosa, adem\u00e1s de que se solicit\u00f3 la vinculaci\u00f3n a proceso y se le otorg\u00f3 un plazo para la celebraci\u00f3n de la audiencia de duplicidad en la que se determinar\u00e1 su situaci\u00f3n jur\u00eddica.<\/p>\n<p>La Fiscal\u00eda General garantiza investigaciones exhaustivas para esclarecer los delitos de alto impacto, aplicando todo el rigor de la Ley a quien o quienes resulten responsables.<\/p>\n<p><img fetchpriority=\"high\" decoding=\"async\" class=\"alignnone size-medium wp-image-6613\" src=\"https:\/\/portal.fgeo.gob.mx\/wp-content\/uploads\/2024\/06\/1-3-260x300.jpeg\" alt=\"\" width=\"260\" height=\"300\" \/> <img decoding=\"async\" class=\"alignnone size-medium wp-image-6614\" src=\"https:\/\/portal.fgeo.gob.mx\/wp-content\/uploads\/2024\/06\/2-3-241x300.jpeg\" alt=\"\" width=\"241\" height=\"300\" \/> <img decoding=\"async\" class=\"alignnone size-medium wp-image-6615\" src=\"https:\/\/portal.fgeo.gob.mx\/wp-content\/uploads\/2024\/06\/3-2-251x300.jpeg\" alt=\"\" width=\"251\" height=\"300\" \/><\/p>\n","protected":false},"author":2,"featured_media":6566,"comment_status":"closed","ping_status":"closed","template":"","tags":[],"categoria_noticias":[],"class_list":["post-16175","noticias","type-noticias","status-publish","has-post-thumbnail","hentry"],"acf":[],"mb":[],"mfb_rest_fields":["title","gutenberg_elementor_mode"],"_links":{"self":[{"href":"https:\/\/portal.fgeo.gob.mx\/index.php\/wp-json\/wp\/v2\/noticias\/16175","targetHints":{"allow":["GET"]}}],"collection":[{"href":"https:\/\/portal.fgeo.gob.mx\/index.php\/wp-json\/wp\/v2\/noticias"}],"about":[{"href":"https:\/\/portal.fgeo.gob.mx\/index.php\/wp-json\/wp\/v2\/types\/noticias"}],"author":[{"embeddable":true,"href":"https:\/\/portal.fgeo.gob.mx\/index.php\/wp-json\/wp\/v2\/users\/2"}],"replies":[{"embeddable":true,"href":"https:\/\/portal.fgeo.gob.mx\/index.php\/wp-json\/wp\/v2\/comments?post=16175"}],"wp:featuredmedia":[{"embeddable":true,"href":"https:\/\/portal.fgeo.gob.mx\/index.php\/wp-json\/wp\/v2\/media\/6566"}],"wp:attachment":[{"href":"https:\/\/portal.fgeo.gob.mx\/index.php\/wp-json\/wp\/v2\/media?parent=16175"}],"wp:term":[{"taxonomy":"post_tag","embeddable":true,"href":"https:\/\/portal.fgeo.gob.mx\/index.php\/wp-json\/wp\/v2\/tags?post=16175"},{"taxonomy":"categoria_noticias","embeddable":true,"href":"https:\/\/portal.fgeo.gob.mx\/index.php\/wp-json\/wp\/v2\/categoria_noticias?post=16175"}],"curies":[{"name":"wp","href":"https:\/\/api.w.org\/{rel}","templated":true}]}}