{"id":16173,"date":"2024-06-20T11:00:28","date_gmt":"2024-06-20T17:00:28","guid":{"rendered":"https:\/\/fge.oaxaca.gob.mx\/?post_type=noticias&amp;p=6610"},"modified":"2024-06-20T11:00:28","modified_gmt":"2024-06-20T17:00:28","slug":"boletin-804-fiscalia-de-oaxaca-investiga-hallazgo-de-tres-cuerpos-sin-vida-en-playa-del-istmo-estaria-relacionado-con-incidente-maritimo-por-probables-rutas-migratorias","status":"publish","type":"noticias","link":"https:\/\/portal.fgeo.gob.mx\/index.php\/archivos\/noticias\/boletin-804-fiscalia-de-oaxaca-investiga-hallazgo-de-tres-cuerpos-sin-vida-en-playa-del-istmo-estaria-relacionado-con-incidente-maritimo-por-probables-rutas-migratorias","title":{"rendered":"BOLET\u00cdN 804.- Fiscal\u00eda de Oaxaca investiga hallazgo de tres cuerpos sin vida en playa del Istmo; estar\u00eda relacionado con incidente mar\u00edtimo por probables rutas migratorias"},"content":{"rendered":"<p>Oaxaca de Ju\u00e1rez, Oax. 20 de junio de 2024.- La Fiscal\u00eda General del Estado de Oaxaca (FGEO) inici\u00f3 la carpeta de investigaci\u00f3n por el delito de Homicidio, luego del hallazgo de tres cuerpos sin vida en la playa principal de Santa Mar\u00eda del Mar, en el municipio de Juchit\u00e1n de Zaragoza, quienes habr\u00edan sido v\u00edctimas de un incidente mar\u00edtimo aparentemente relacionado con rutas migratorias.<\/p>\n<p>Luego de tomar conocimiento del hallazgo, la Vicefiscal\u00eda Regional del Istmo asumi\u00f3 la responsabilidad de las investigaciones, por lo que despleg\u00f3 a un equipo multidisciplinario para procesar el sitio.<\/p>\n<p>En el lugar, los peritos, agentes del ministerio p\u00fablico y elementos de la Agencia Estatal de Investigaciones (AEI) llevaron a cabo actos de Investigaci\u00f3n consistente en inspecci\u00f3n y levantamiento de los tres cad\u00e1veres del sexo masculino, los cuales se encuentran en calidad de no identificados, adem\u00e1s est\u00e1n en un estado inicial de descomposici\u00f3n.<\/p>\n<p>Como resultado de las indagatorias iniciales, la FGEO defini\u00f3 las l\u00edneas de investigaci\u00f3n en torno al caso, entre las cuales una sugiere que se trat\u00f3 de un accidente o incidente de alg\u00fan tipo de embarcaci\u00f3n que viajaba por esta parte del litoral del Pac\u00edfico, el cual estar\u00eda relacionado con rutas de traslado de personas migrantes.<\/p>\n<p>&nbsp;<\/p>\n","protected":false},"author":2,"featured_media":6566,"comment_status":"closed","ping_status":"closed","template":"","tags":[],"categoria_noticias":[],"class_list":["post-16173","noticias","type-noticias","status-publish","has-post-thumbnail","hentry"],"acf":[],"mb":[],"mfb_rest_fields":["title","gutenberg_elementor_mode"],"_links":{"self":[{"href":"https:\/\/portal.fgeo.gob.mx\/index.php\/wp-json\/wp\/v2\/noticias\/16173","targetHints":{"allow":["GET"]}}],"collection":[{"href":"https:\/\/portal.fgeo.gob.mx\/index.php\/wp-json\/wp\/v2\/noticias"}],"about":[{"href":"https:\/\/portal.fgeo.gob.mx\/index.php\/wp-json\/wp\/v2\/types\/noticias"}],"author":[{"embeddable":true,"href":"https:\/\/portal.fgeo.gob.mx\/index.php\/wp-json\/wp\/v2\/users\/2"}],"replies":[{"embeddable":true,"href":"https:\/\/portal.fgeo.gob.mx\/index.php\/wp-json\/wp\/v2\/comments?post=16173"}],"wp:featuredmedia":[{"embeddable":true,"href":"https:\/\/portal.fgeo.gob.mx\/index.php\/wp-json\/wp\/v2\/media\/6566"}],"wp:attachment":[{"href":"https:\/\/portal.fgeo.gob.mx\/index.php\/wp-json\/wp\/v2\/media?parent=16173"}],"wp:term":[{"taxonomy":"post_tag","embeddable":true,"href":"https:\/\/portal.fgeo.gob.mx\/index.php\/wp-json\/wp\/v2\/tags?post=16173"},{"taxonomy":"categoria_noticias","embeddable":true,"href":"https:\/\/portal.fgeo.gob.mx\/index.php\/wp-json\/wp\/v2\/categoria_noticias?post=16173"}],"curies":[{"name":"wp","href":"https:\/\/api.w.org\/{rel}","templated":true}]}}