{"id":16168,"date":"2024-06-17T19:59:14","date_gmt":"2024-06-18T01:59:14","guid":{"rendered":"https:\/\/fge.oaxaca.gob.mx\/?post_type=noticias&amp;p=6584"},"modified":"2024-06-17T19:59:14","modified_gmt":"2024-06-18T01:59:14","slug":"boletin-797-fgeo-comprometida-con-investigacion-eficaz-en-caso-del-periodista-gustavo-sanchez-bernardo-rodriguez-alamilla","status":"publish","type":"noticias","link":"https:\/\/portal.fgeo.gob.mx\/index.php\/archivos\/noticias\/boletin-797-fgeo-comprometida-con-investigacion-eficaz-en-caso-del-periodista-gustavo-sanchez-bernardo-rodriguez-alamilla","title":{"rendered":"BOLET\u00cdN 797.-  FGEO comprometida con coadyuvar en investigaci\u00f3n del caso de Gustavo S\u00e1nchez: Bernardo Rodr\u00edguez Alamilla"},"content":{"rendered":"<p style=\"font-weight: 400\"><strong>Oaxaca de Ju\u00e1rez, Oax. 17 de junio de 2024.-<\/strong>\u00a0Al participar en el Acto de Disculpa P\u00fablica del Gobierno del Estado de Oaxaca y la Coordinaci\u00f3n Ejecutiva Nacional del Mecanismo para la Protecci\u00f3n de Personas Defensoras de Derechos Humanos y Periodistas por el caso del periodista Gustavo S\u00e1nchez, el Fiscal General de Oaxaca, Bernardo Rodr\u00edguez Alamilla, dijo que la instituci\u00f3n tiene el compromiso de coadyuvar en el proceso de esclarecimiento este caso, adem\u00e1s desde su competencia colaborar\u00e1 con la reparaci\u00f3n integral del da\u00f1o, pues es la forma en la que se asume realmente la responsabilidad institucional y se reivindica la memoria del periodista.<\/p>\n<p>Durante el acto protocolario en el que estuvieron presentes, Maril\u00fa Salinas, esposa del periodista Gustavo S\u00e1nchez; la coordinadora para la Atenci\u00f3n a los Derechos Humanos del Gobierno de Oaxaca, Flor Estela Morales Hern\u00e1ndez; el consejero Jur\u00eddico del Gobierno del Estado de Oaxaca, Geovany V\u00e1squez Sagrero; el director de seguimiento de recomendaciones de la Comisi\u00f3n Nacional de los Derechos Humanos, Cesar Eduardo Medel y Tobyanne Ledesma directora general del Mecanismo de Protecci\u00f3n a Personas Defensoras de Derechos Humanos y Periodistas;\u00a0 el Fiscal Bernardo Rodr\u00edguez puntualiz\u00f3 que la p\u00e9rdida de Gustavo S\u00e1nchez es una herida profunda para la sociedad oaxaque\u00f1a, por ello, la instituci\u00f3n continuar\u00e1 con los procesos administrativos en contra de los servidores p\u00fablicos que han sido se\u00f1alados para que se aplique el procedimiento correspondiente y se determine su responsabilidad.<\/p>\n<p>Ante la presencia de Balbina Flores, representante de Reporteros Sin Fronteras; Sara Mendiola Landeros, directora de Propuesta C\u00edvica y Ricardo Cancela Neves, oficial del Alto Comisionado de Derechos Humanos de la Organizaci\u00f3n de las Naciones Unidas, el titular de la Fiscal\u00eda General del Estado de Oaxaca dijo que, esclarecer los hechos permitir\u00e1 sentar un precedente que env\u00ede el mensaje que, las agresiones y delitos cometidos en contra de las y los periodistas no ser\u00e1n tolerados, por ello, desde el a\u00f1o pasado se cre\u00f3 una unidad especializada para atender este tipo de casos, y establecer mejores procesos de atenci\u00f3n en la materia es uno de los ejes de la reingenier\u00eda institucional.<\/p>\n<p>A\u00f1adi\u00f3 que estas acciones est\u00e1n enfocadas en contribuir a garantizar un entorno m\u00e1s seguro para quienes ejercer el periodismo pues, su actividad es esencial dentro de la toma de decisiones de la sociedad, \u201cpor lo que hemos implementado medidas que permitan prevenir casos de agresiones, por lo que en la FGEO se generan procesos diligentes para garantizar la sanci\u00f3n ante alguna agresi\u00f3n, adem\u00e1s que se han establecido mecanismos que incluyen la labor coordinada con otras instituciones.<\/p>\n<p>El Fiscal Bernardo Rodr\u00edguez extern\u00f3 su solidaridad a los familiares, as\u00ed como al gremio period\u00edstico, y reiter\u00f3 que hay un compromiso institucional en colaborar en con la investigaci\u00f3n que lleva la Fiscal\u00eda General de la Rep\u00fablica para esclarecer el hecho, pues una forma de sostener y reivindicar la memoria de Gustavo S\u00e1nchez es coadyuvar en garantizar una adecuada procuraci\u00f3n de justicia para romper la impunidad.<\/p>\n<p>Al intervenir Maril\u00fa Salinas, esposa del periodista Gustavo S\u00e1nchez, record\u00f3 que \u00e9l fue asesinado el 17 de junio de 2021 por su labor como periodista, se\u00f1al\u00f3 que, si bien este acto no es suficiente, espera que sea un avance que se traduzca en cambios significativos en las instituciones para que casos como el de su esposo no vuelvan a repetirse.<\/p>\n<p>Por su parte, al ofrecer la disculpa p\u00fablica a nombre del Gobierno del Estado de Oaxaca, el consejero Jur\u00eddico, Geovany V\u00e1squez Sagrero, dijo que este acto es una forma en la que se asume el compromiso de garantizar que las y los periodistas ejerzan su actividad en condiciones de seguridad, y que las fallas que permitieron este hecho ser\u00e1n corregidas para que no vuelvan a repetirse.<\/p>\n<p>Mientras que, la directora general del Mecanismo de Protecci\u00f3n a Personas Defensoras de Derechos Humanos y Periodistas, Tobyanne Ledesma reconoci\u00f3 que no hubo una adecuada respuesta y atenci\u00f3n a Gustavo S\u00e1nchez y que, las fallas al atender la situaci\u00f3n de riesgo, se tradujeron en omisiones que resultaron en la p\u00e9rdida de la vida del periodista, por ello, se hacen procesos al interior del mecanismo como medidas de no repetici\u00f3n.<\/p>\n<p>Asimismo, durante su participaci\u00f3n, la representante de Reporteros Sin Fronteras, Balbina Flores, expuso que el caso de Gustavo S\u00e1nchez evidencia la urgencia de reformar el Mecanismo Federal de Protecci\u00f3n a Personas Defensoras de Derechos Humanos y Periodistas para que pueda cumplir adecuadamente con su funci\u00f3n, especialmente en M\u00e9xico en donde ejercer el periodismo es una actividad de alto riesgo.<\/p>\n<p>Finalmente, Sara Mendiola Landeros, directora de Propuesta C\u00edvica se\u00f1al\u00f3 que debe revisarse la actuaci\u00f3n de las fiscal\u00edas y procuradur\u00edas estatales, pues estos organismos deben garantizar investigaciones efectiva en casos de agresiones a periodistas de modo que al romper con la impunidad se impida que se atente contra la vida de quienes ejercen esta actividad, y\u00a0 por su parte el oficial del Alto Comisionado de Derechos Humanos de la Organizaci\u00f3n de las Naciones Unidas Ricardo Cancela Neves puntualiz\u00f3 que este tipo de actos de disculpa p\u00fablica debe traducirse en acciones concretas en las instituciones, pues, es la \u00fanica v\u00eda para que estas acciones sean efectivas.<\/p>\n<p>&nbsp;<\/p>\n<p>&nbsp;<\/p>\n","protected":false},"author":2,"featured_media":6566,"comment_status":"closed","ping_status":"closed","template":"","tags":[],"categoria_noticias":[],"class_list":["post-16168","noticias","type-noticias","status-publish","has-post-thumbnail","hentry"],"acf":[],"mb":[],"mfb_rest_fields":["title","gutenberg_elementor_mode"],"_links":{"self":[{"href":"https:\/\/portal.fgeo.gob.mx\/index.php\/wp-json\/wp\/v2\/noticias\/16168","targetHints":{"allow":["GET"]}}],"collection":[{"href":"https:\/\/portal.fgeo.gob.mx\/index.php\/wp-json\/wp\/v2\/noticias"}],"about":[{"href":"https:\/\/portal.fgeo.gob.mx\/index.php\/wp-json\/wp\/v2\/types\/noticias"}],"author":[{"embeddable":true,"href":"https:\/\/portal.fgeo.gob.mx\/index.php\/wp-json\/wp\/v2\/users\/2"}],"replies":[{"embeddable":true,"href":"https:\/\/portal.fgeo.gob.mx\/index.php\/wp-json\/wp\/v2\/comments?post=16168"}],"wp:featuredmedia":[{"embeddable":true,"href":"https:\/\/portal.fgeo.gob.mx\/index.php\/wp-json\/wp\/v2\/media\/6566"}],"wp:attachment":[{"href":"https:\/\/portal.fgeo.gob.mx\/index.php\/wp-json\/wp\/v2\/media?parent=16168"}],"wp:term":[{"taxonomy":"post_tag","embeddable":true,"href":"https:\/\/portal.fgeo.gob.mx\/index.php\/wp-json\/wp\/v2\/tags?post=16168"},{"taxonomy":"categoria_noticias","embeddable":true,"href":"https:\/\/portal.fgeo.gob.mx\/index.php\/wp-json\/wp\/v2\/categoria_noticias?post=16168"}],"curies":[{"name":"wp","href":"https:\/\/api.w.org\/{rel}","templated":true}]}}