{"id":16167,"date":"2024-06-17T19:00:27","date_gmt":"2024-06-18T01:00:27","guid":{"rendered":"https:\/\/fge.oaxaca.gob.mx\/?post_type=noticias&amp;p=6583"},"modified":"2024-06-17T19:00:27","modified_gmt":"2024-06-18T01:00:27","slug":"boletin-796-ejecuta-fgeo-orden-de-aprehension-contra-persona-por-tentativa-de-feminicidio-contra-su-abuela-cometido-en-la-region-del-istmo","status":"publish","type":"noticias","link":"https:\/\/portal.fgeo.gob.mx\/index.php\/archivos\/noticias\/boletin-796-ejecuta-fgeo-orden-de-aprehension-contra-persona-por-tentativa-de-feminicidio-contra-su-abuela-cometido-en-la-region-del-istmo","title":{"rendered":"BOLET\u00cdN 796.- Ejecuta FGEO orden de aprehensi\u00f3n contra persona por tentativa de feminicidio contra su abuela, cometido en la regi\u00f3n del Istmo"},"content":{"rendered":"<p style=\"font-weight: 400\"><strong>Oaxaca de Ju\u00e1rez, Oax., a 17 de junio de 2024.-\u00a0<\/strong>La Fiscal\u00eda General del Estado de Oaxaca (FGEO) ejecut\u00f3 una orden de aprehensi\u00f3n contra una persona del sexo masculino identificado como D.G.H., por el delito de Feminicidio Agravado en grado de Tentativa, cometido en agravio de su abuela en la regi\u00f3n del Istmo de Tehuantepec.<\/p>\n<p style=\"font-weight: 400\">\n<p style=\"font-weight: 400\">De acuerdo al expediente penal, la agresi\u00f3n ocurri\u00f3 el 02 de junio de 2024, cuando la v\u00edctima (adulta mayor) identificada como R.G.M., fue agredida en la cabeza con un arma contundente (martillo), caus\u00e1ndole lesiones de gravedad.<\/p>\n<p style=\"font-weight: 400\">\n<p style=\"font-weight: 400\">Ante este hecho, la Instituci\u00f3n de procuraci\u00f3n de justicia intervino a trav\u00e9s de la Vicefiscal\u00eda Regional del Istmo, iniciando la investigaci\u00f3n correspondiente que permiti\u00f3 la ejecuci\u00f3n de una orden de aprehensi\u00f3n en contra de D.G.H., quien fue puesto a disposici\u00f3n de la autoridad judicial que lo requiri\u00f3.<\/p>\n<p style=\"font-weight: 400\">\n<p style=\"font-weight: 400\">La Fiscal\u00eda General reitera su compromiso a esclarecer delitos de g\u00e9nero en la entidad, aplicando todo el rigor de la Ley a quien o quienes resulten responsables.<\/p>\n","protected":false},"author":2,"featured_media":6566,"comment_status":"closed","ping_status":"closed","template":"","tags":[],"categoria_noticias":[],"class_list":["post-16167","noticias","type-noticias","status-publish","has-post-thumbnail","hentry"],"acf":[],"mb":[],"mfb_rest_fields":["title","gutenberg_elementor_mode"],"_links":{"self":[{"href":"https:\/\/portal.fgeo.gob.mx\/index.php\/wp-json\/wp\/v2\/noticias\/16167","targetHints":{"allow":["GET"]}}],"collection":[{"href":"https:\/\/portal.fgeo.gob.mx\/index.php\/wp-json\/wp\/v2\/noticias"}],"about":[{"href":"https:\/\/portal.fgeo.gob.mx\/index.php\/wp-json\/wp\/v2\/types\/noticias"}],"author":[{"embeddable":true,"href":"https:\/\/portal.fgeo.gob.mx\/index.php\/wp-json\/wp\/v2\/users\/2"}],"replies":[{"embeddable":true,"href":"https:\/\/portal.fgeo.gob.mx\/index.php\/wp-json\/wp\/v2\/comments?post=16167"}],"wp:featuredmedia":[{"embeddable":true,"href":"https:\/\/portal.fgeo.gob.mx\/index.php\/wp-json\/wp\/v2\/media\/6566"}],"wp:attachment":[{"href":"https:\/\/portal.fgeo.gob.mx\/index.php\/wp-json\/wp\/v2\/media?parent=16167"}],"wp:term":[{"taxonomy":"post_tag","embeddable":true,"href":"https:\/\/portal.fgeo.gob.mx\/index.php\/wp-json\/wp\/v2\/tags?post=16167"},{"taxonomy":"categoria_noticias","embeddable":true,"href":"https:\/\/portal.fgeo.gob.mx\/index.php\/wp-json\/wp\/v2\/categoria_noticias?post=16167"}],"curies":[{"name":"wp","href":"https:\/\/api.w.org\/{rel}","templated":true}]}}