{"id":16166,"date":"2024-06-18T10:50:20","date_gmt":"2024-06-18T16:50:20","guid":{"rendered":"https:\/\/fge.oaxaca.gob.mx\/?post_type=noticias&amp;p=6580"},"modified":"2024-06-18T10:50:20","modified_gmt":"2024-06-18T16:50:20","slug":"boletin-798-fgeo-aprehende-a-una-persona-por-robo-y-desmantelamiento-de-vehiculos-se-investiga-relacion-con-ola-de-delitos-cometidos-en-valles-centrales","status":"publish","type":"noticias","link":"https:\/\/portal.fgeo.gob.mx\/index.php\/archivos\/noticias\/boletin-798-fgeo-aprehende-a-una-persona-por-robo-y-desmantelamiento-de-vehiculos-se-investiga-relacion-con-ola-de-delitos-cometidos-en-valles-centrales","title":{"rendered":"BOLET\u00cdN 798.- FGEO aprehende a una persona por robo y desmantelamiento de veh\u00edculos; se investiga relaci\u00f3n con ola de delitos cometidos en Valles Centrales"},"content":{"rendered":"<p>&nbsp;<\/p>\n<p>* Las investigaciones apuntan a que tendr\u00edan relaci\u00f3n con una banda dedicada al robo de veh\u00edculos que operaba en la capital oaxaque\u00f1a<\/p>\n<p>Oaxaca de Ju\u00e1rez, Oax. 18 de junio de 2024.- Derivado de los trabajos de inteligencia e investigaci\u00f3n efectuados por personal de la Fiscal\u00eda general del Estado de Oaxaca (FGEO), se ejecut\u00f3 una orden de aprehensi\u00f3n en contra de una persona del sexo masculino identificada como E.V.P., por el delito de robo espec\u00edfico equiparado en su modalidad de desmantelamiento de veh\u00edculos en el valle de Etla y a quien se investiga por v\u00ednculos con una banda delictiva dedicada al robo de veh\u00edculos y venta de autopartes en la capital oaxaque\u00f1a.<\/p>\n<p>De acuerdo con las denuncias asentadas en el expediente penal del caso, el 14 de marzo de 2024, personas ingresaron un veh\u00edculo de la marca Nissan tipo Versa a un inmueble ubicado en San Lorenzo Cacaotepec, Etla, lugar donde presumiblemente desmantelaban veh\u00edculos robados.<\/p>\n<p>Ante estos hechos, la Fiscal\u00eda de Oaxaca inici\u00f3 las investigaciones a trav\u00e9s de la Vicefiscal\u00eda de Valles Centrales, que dieron como resultado la detenci\u00f3n de E.V.P., quien fue puesto a disposici\u00f3n de la autoridad ministerial correspondiente para determinar su situaci\u00f3n jur\u00eddica.<\/p>\n<p><img fetchpriority=\"high\" decoding=\"async\" class=\"alignnone size-medium wp-image-6581\" src=\"https:\/\/portal.fgeo.gob.mx\/wp-content\/uploads\/2024\/06\/FOTO-225x300.jpg\" alt=\"\" width=\"225\" height=\"300\" \/><\/p>\n<p>Estas acciones, forman parte del trabajo que realiza la Fiscal\u00eda de Oaxaca para combatir la comisi\u00f3n de delitos de Alto Impacto en los Valles Centrales, para garantizar la seguridad p\u00fablica a favor de la ciudadan\u00eda.<\/p>\n","protected":false},"author":2,"featured_media":6566,"comment_status":"closed","ping_status":"closed","template":"","tags":[],"categoria_noticias":[],"class_list":["post-16166","noticias","type-noticias","status-publish","has-post-thumbnail","hentry"],"acf":[],"mb":[],"mfb_rest_fields":["title","gutenberg_elementor_mode"],"_links":{"self":[{"href":"https:\/\/portal.fgeo.gob.mx\/index.php\/wp-json\/wp\/v2\/noticias\/16166","targetHints":{"allow":["GET"]}}],"collection":[{"href":"https:\/\/portal.fgeo.gob.mx\/index.php\/wp-json\/wp\/v2\/noticias"}],"about":[{"href":"https:\/\/portal.fgeo.gob.mx\/index.php\/wp-json\/wp\/v2\/types\/noticias"}],"author":[{"embeddable":true,"href":"https:\/\/portal.fgeo.gob.mx\/index.php\/wp-json\/wp\/v2\/users\/2"}],"replies":[{"embeddable":true,"href":"https:\/\/portal.fgeo.gob.mx\/index.php\/wp-json\/wp\/v2\/comments?post=16166"}],"wp:featuredmedia":[{"embeddable":true,"href":"https:\/\/portal.fgeo.gob.mx\/index.php\/wp-json\/wp\/v2\/media\/6566"}],"wp:attachment":[{"href":"https:\/\/portal.fgeo.gob.mx\/index.php\/wp-json\/wp\/v2\/media?parent=16166"}],"wp:term":[{"taxonomy":"post_tag","embeddable":true,"href":"https:\/\/portal.fgeo.gob.mx\/index.php\/wp-json\/wp\/v2\/tags?post=16166"},{"taxonomy":"categoria_noticias","embeddable":true,"href":"https:\/\/portal.fgeo.gob.mx\/index.php\/wp-json\/wp\/v2\/categoria_noticias?post=16166"}],"curies":[{"name":"wp","href":"https:\/\/api.w.org\/{rel}","templated":true}]}}