{"id":16165,"date":"2024-06-14T20:16:12","date_gmt":"2024-06-15T02:16:12","guid":{"rendered":"https:\/\/fge.oaxaca.gob.mx\/?post_type=noticias&amp;p=6579"},"modified":"2024-06-14T20:16:12","modified_gmt":"2024-06-15T02:16:12","slug":"boletin-794-fiscalia-de-oaxaca-obtiene-vinculacion-a-proceso-contra-imputado-por-abuso-sexual-contra-adolescente-hechos-ocurridos-en-el-centro-historico-de-la-capital","status":"publish","type":"noticias","link":"https:\/\/portal.fgeo.gob.mx\/index.php\/archivos\/noticias\/boletin-794-fiscalia-de-oaxaca-obtiene-vinculacion-a-proceso-contra-imputado-por-abuso-sexual-contra-adolescente-hechos-ocurridos-en-el-centro-historico-de-la-capital","title":{"rendered":"BOLET\u00cdN 794.- Fiscal\u00eda de Oaxaca obtiene vinculaci\u00f3n a proceso contra imputado por abuso sexual contra adolescente, hechos ocurridos en el Centro Hist\u00f3rico de la capital"},"content":{"rendered":"<p>* La FGEO inici\u00f3 los tr\u00e1mites legales para impugnar la decisi\u00f3n del Juez respecto a las medidas cautelares, para que las modifique y el imputado lleve su proceso en prisi\u00f3n preventiva<\/p>\n<p>Oaxaca de Ju\u00e1rez, Oax. 14 de junio de 2024.- Gracias al trabajo ministerial para la persecuci\u00f3n de casos contra ni\u00f1as, ni\u00f1os y adolescentes, la Fiscal\u00eda General del Estado de Oaxaca (FGEO) obtuvo auto de vinculaci\u00f3n a proceso a una persona del sexo masculino identificada como Y.E.C.C., por el delito de abuso sexual en agravio de un adolescente de 12 a\u00f1os, hechos ocurridos en la regi\u00f3n de los Valles Centrales; adem\u00e1s que realiza las labores legales para impugnar la medida cautelar que dict\u00f3 el Juez, en b\u00fasqueda de que se cambie a prisi\u00f3n preventiva.<\/p>\n<p>De acuerdo con la causa penal, los hechos ocurrieron el 6 de junio de 2024, cuando Y.E.C.C., se acerc\u00f3 a la v\u00edctima (cuya identidad est\u00e1 reservada por ley) en el Centro del municipio de Oaxaca de Ju\u00e1rez.<\/p>\n<p>En el lugar, el agresor oblig\u00f3 a la v\u00edctima a dirigirse hacia una cafeter\u00eda, ubicada en el Centro Hist\u00f3rico en la capital de la entidad, donde ocurri\u00f3 la agresi\u00f3n sexual y, gracias a la intervenci\u00f3n de los comensales se logr\u00f3 la detenci\u00f3n en flagrancia de Y. E. C. C.<\/p>\n<p>La Fiscal\u00eda de Oaxaca tom\u00f3 conocimiento del caso y a trav\u00e9s de la Fiscal\u00eda Especializada para la Atenci\u00f3n de Delitos Contra la Mujer por Raz\u00f3n de G\u00e9nero, se realizaron los trabajos ministeriales que acreditaron ante el Juez el hecho que se le imputa por lo cual dict\u00f3 auto de vinculaci\u00f3n a proceso en contra de Y.E.C.C., por el delito de abuso sexual; a pesar de ello, dicha autoridad dict\u00f3 la medida cautelar de resguardo en su domicilio, a pesar de que la FGEO solicit\u00f3 prisi\u00f3n preventiva.<\/p>\n<p>Determinaci\u00f3n que no comparte la Fiscal\u00eda de Oaxaca que inici\u00f3 los tr\u00e1mites legales correspondientes para impugnar esta decisi\u00f3n del Juez, pidiendo que se modifique dicha medida cautelar para que el imputado lleve su proceso legal en prisi\u00f3n preventiva para que se garantice la seguridad f\u00edsica y emocional de la v\u00edctima.<\/p>\n<p>Uno de los temas prioritarios dentro de la agenda de procuraci\u00f3n de justicia de la Fiscal\u00eda de Oaxaca es el trabajo integral a favor de las v\u00edctimas, principalmente cuando se trata de ni\u00f1as, ni\u00f1os, adolescentes y mujeres.<\/p>\n","protected":false},"author":2,"featured_media":6566,"comment_status":"closed","ping_status":"closed","template":"","tags":[],"categoria_noticias":[],"class_list":["post-16165","noticias","type-noticias","status-publish","has-post-thumbnail","hentry"],"acf":[],"mb":[],"mfb_rest_fields":["title","gutenberg_elementor_mode"],"_links":{"self":[{"href":"https:\/\/portal.fgeo.gob.mx\/index.php\/wp-json\/wp\/v2\/noticias\/16165","targetHints":{"allow":["GET"]}}],"collection":[{"href":"https:\/\/portal.fgeo.gob.mx\/index.php\/wp-json\/wp\/v2\/noticias"}],"about":[{"href":"https:\/\/portal.fgeo.gob.mx\/index.php\/wp-json\/wp\/v2\/types\/noticias"}],"author":[{"embeddable":true,"href":"https:\/\/portal.fgeo.gob.mx\/index.php\/wp-json\/wp\/v2\/users\/2"}],"replies":[{"embeddable":true,"href":"https:\/\/portal.fgeo.gob.mx\/index.php\/wp-json\/wp\/v2\/comments?post=16165"}],"wp:featuredmedia":[{"embeddable":true,"href":"https:\/\/portal.fgeo.gob.mx\/index.php\/wp-json\/wp\/v2\/media\/6566"}],"wp:attachment":[{"href":"https:\/\/portal.fgeo.gob.mx\/index.php\/wp-json\/wp\/v2\/media?parent=16165"}],"wp:term":[{"taxonomy":"post_tag","embeddable":true,"href":"https:\/\/portal.fgeo.gob.mx\/index.php\/wp-json\/wp\/v2\/tags?post=16165"},{"taxonomy":"categoria_noticias","embeddable":true,"href":"https:\/\/portal.fgeo.gob.mx\/index.php\/wp-json\/wp\/v2\/categoria_noticias?post=16165"}],"curies":[{"name":"wp","href":"https:\/\/api.w.org\/{rel}","templated":true}]}}