{"id":16164,"date":"2024-06-14T07:55:46","date_gmt":"2024-06-14T13:55:46","guid":{"rendered":"https:\/\/fge.oaxaca.gob.mx\/?post_type=noticias&amp;p=6582"},"modified":"2024-06-14T07:55:46","modified_gmt":"2024-06-14T13:55:46","slug":"boletin-795-fiscalia-de-oaxaca-fortalece-lineas-de-investigacion-tras-agresion-con-arma-de-fuego-que-dejo-a-dos-personas-heridas-en-el-istmo-de-tehuantepec","status":"publish","type":"noticias","link":"https:\/\/portal.fgeo.gob.mx\/index.php\/archivos\/noticias\/boletin-795-fiscalia-de-oaxaca-fortalece-lineas-de-investigacion-tras-agresion-con-arma-de-fuego-que-dejo-a-dos-personas-heridas-en-el-istmo-de-tehuantepec","title":{"rendered":"BOLET\u00cdN 795.- Fiscal\u00eda de Oaxaca fortalece l\u00edneas de investigaci\u00f3n tras agresi\u00f3n con arma de fuego que dej\u00f3 a dos personas heridas en el Istmo de Tehuantepec"},"content":{"rendered":"<p style=\"font-weight: 400\">Oaxaca de Ju\u00e1rez, Oax. 14 de junio de 2024.- La Fiscal\u00eda General del Estado de Oaxaca (FGEO) inici\u00f3 la carpeta de investigaci\u00f3n correspondiente luego de la agresi\u00f3n con arma de fuego que sufrieron dos personas del sexo masculino, en la regi\u00f3n del Istmo de Tehuantepec; ambas v\u00edctimas sobrevivieron al ataque, aunque resultaron con lesiones que son atendidas en un hospital especializado.<\/p>\n<p style=\"font-weight: 400\">\n<p style=\"font-weight: 400\">Los hechos ocurrieron la tarde de este viernes, sobre la Carretera Federal Costera, en un tramo que pasa por la Colonia Lomas de Galindo, del municipio de Salina Cruz, en el lugar se encontraban las dos v\u00edctimas identificadas como A. M. A. y A. G. G., quienes estaban a bordo de un veh\u00edculo estacionado cuando fueron agredidos con disparos de arma de fuego.<\/p>\n<p style=\"font-weight: 400\">\n<p style=\"font-weight: 400\">Tras la agresi\u00f3n, las v\u00edctimas resultaron con lesiones en diversas partes del cuerpo, por lo que ambas personas fueron trasladadas a un hospital para recibir atenci\u00f3n m\u00e9dica, mientras que los agresores huyeron del lugar.<\/p>\n<p style=\"font-weight: 400\">\n<p style=\"font-weight: 400\">La FGEO tom\u00f3 conocimiento de los hechos, a trav\u00e9s de la Vicefiscal\u00eda Regional del Istmo, que realiz\u00f3 las indagatorias iniciales, recabando datos, informaci\u00f3n y testimonios clave para establecer s\u00f3lidas l\u00edneas de investigaci\u00f3n en torno a este caso.<\/p>\n<p style=\"font-weight: 400\">\n<p style=\"font-weight: 400\">La Fiscal\u00eda de Oaxaca despliega equipos especializados en la investigaci\u00f3n de delitos de alto impacto en este tipo de casos, para que los resultados de los trabajos ministeriales sean m\u00e1s eficientes en el proceso de procuraci\u00f3n de justicia a favor de las v\u00edctimas.<\/p>\n","protected":false},"author":2,"featured_media":6566,"comment_status":"closed","ping_status":"closed","template":"","tags":[],"categoria_noticias":[],"class_list":["post-16164","noticias","type-noticias","status-publish","has-post-thumbnail","hentry"],"acf":[],"mb":[],"mfb_rest_fields":["title","gutenberg_elementor_mode"],"_links":{"self":[{"href":"https:\/\/portal.fgeo.gob.mx\/index.php\/wp-json\/wp\/v2\/noticias\/16164","targetHints":{"allow":["GET"]}}],"collection":[{"href":"https:\/\/portal.fgeo.gob.mx\/index.php\/wp-json\/wp\/v2\/noticias"}],"about":[{"href":"https:\/\/portal.fgeo.gob.mx\/index.php\/wp-json\/wp\/v2\/types\/noticias"}],"author":[{"embeddable":true,"href":"https:\/\/portal.fgeo.gob.mx\/index.php\/wp-json\/wp\/v2\/users\/2"}],"replies":[{"embeddable":true,"href":"https:\/\/portal.fgeo.gob.mx\/index.php\/wp-json\/wp\/v2\/comments?post=16164"}],"wp:featuredmedia":[{"embeddable":true,"href":"https:\/\/portal.fgeo.gob.mx\/index.php\/wp-json\/wp\/v2\/media\/6566"}],"wp:attachment":[{"href":"https:\/\/portal.fgeo.gob.mx\/index.php\/wp-json\/wp\/v2\/media?parent=16164"}],"wp:term":[{"taxonomy":"post_tag","embeddable":true,"href":"https:\/\/portal.fgeo.gob.mx\/index.php\/wp-json\/wp\/v2\/tags?post=16164"},{"taxonomy":"categoria_noticias","embeddable":true,"href":"https:\/\/portal.fgeo.gob.mx\/index.php\/wp-json\/wp\/v2\/categoria_noticias?post=16164"}],"curies":[{"name":"wp","href":"https:\/\/api.w.org\/{rel}","templated":true}]}}