{"id":16163,"date":"2024-06-13T17:26:45","date_gmt":"2024-06-13T23:26:45","guid":{"rendered":"https:\/\/fge.oaxaca.gob.mx\/?post_type=noticias&amp;p=6569"},"modified":"2024-06-13T17:26:45","modified_gmt":"2024-06-13T23:26:45","slug":"boletin-793-fiscalia-en-tu-comunidad-lleva-servicios-de-procuracion-de-justicia-a-la-ciudadania-a-traves-de-jornadas-de-proximidad-social-en-oaxaca","status":"publish","type":"noticias","link":"https:\/\/portal.fgeo.gob.mx\/index.php\/archivos\/noticias\/boletin-793-fiscalia-en-tu-comunidad-lleva-servicios-de-procuracion-de-justicia-a-la-ciudadania-a-traves-de-jornadas-de-proximidad-social-en-oaxaca","title":{"rendered":"BOLET\u00cdN 793 &#8211; \u201cFiscal\u00eda en tu Comunidad\u201d lleva servicios de procuraci\u00f3n de justicia a la ciudadan\u00eda a trav\u00e9s de jornadas de proximidad social en Oaxaca"},"content":{"rendered":"<p><strong>Oaxaca de Ju\u00e1rez, Oax. 13 de junio de 2024.-<\/strong> \u00a0La Fiscal\u00eda General del Estado de Oaxaca (FGEO) realiz\u00f3 una jornada del programa de proximidad social \u201cFiscal\u00eda en tu Comunidad\u201d en San Agust\u00edn de las Juntas, en el cual participan personal de diferentes \u00e1reas, encabezados por el Fiscal General, Bernardo Rodr\u00edguez Alamilla, con el objetivo de acercar los servicios del organismo y brindar informaci\u00f3n en materia de prevenci\u00f3n del delito, adem\u00e1s de capacitaciones al funcionariado de diferentes Ayuntamientos de la regi\u00f3n de los Valles Centrales.<\/p>\n<p><img decoding=\"async\" class=\"alignnone size-medium wp-image-6570\" src=\"https:\/\/portal.fgeo.gob.mx\/wp-content\/uploads\/2024\/06\/BOLET%C3%8DN-793-%E2%80%9CFiscal%C3%ADa-en-tu-Comunidad%E2%80%9D-lleva-servicios-de-procuraci%C3%B3n-de-justicia-a-la-ciudadan%C3%ADa-a-trav%C3%A9s-de-jornadas-de-proximidad-social-en-Oaxaca1-300x162.jpeg\" alt=\"\" width=\"300\" height=\"162\" \/><\/p>\n<p>Acompa\u00f1ado por la s\u00edndica municipal de San Agust\u00edn de las Juntas, Claudia Estela M\u00e9ndez S\u00e1nchez; el regidor de Hacienda, Marco Antonio Lascares Aquino; la regidora de educaci\u00f3n, Filiberta M\u00e9ndez P\u00e9rez; la regidora de salud, Silvia Lara L\u00f3pez; el s\u00edndico municipal de San Pablo Cuatro Venados, Crescencio L\u00f3pez Mart\u00ednez y el s\u00edndico de San Raymundo Jalpan, Eliseo Ben\u00edtez Hern\u00e1ndez, el Fiscal de Oaxaca dijo que, por medio de estas jornadas, los servicios tienden puentes directos con la poblaci\u00f3n y se establece un acercamiento que tiene el objetivo de recuperar la confianza de la ciudadan\u00eda.<\/p>\n<p>El titular de la Fiscal\u00eda General del Estado detall\u00f3 que, con estas labores de proximidad social se busca generar una relaci\u00f3n de colaboraci\u00f3n continua con las autoridades que permita hacer sinergias institucionales que favorezcan los resultados que se entregan a la ciudadan\u00eda en materia de procuraci\u00f3n de justicia y prevenci\u00f3n del delito.<\/p>\n<p><img fetchpriority=\"high\" decoding=\"async\" class=\"alignnone size-medium wp-image-6571\" src=\"https:\/\/portal.fgeo.gob.mx\/wp-content\/uploads\/2024\/06\/BOLET%C3%8DN-793-%E2%80%9CFiscal%C3%ADa-en-tu-Comunidad%E2%80%9D-lleva-servicios-de-procuraci%C3%B3n-de-justicia-a-la-ciudadan%C3%ADa-a-trav%C3%A9s-de-jornadas-de-proximidad-social-en-Oaxaca-4-300x200.jpeg\" alt=\"\" width=\"300\" height=\"200\" \/><img decoding=\"async\" class=\"alignnone size-medium wp-image-6572\" src=\"https:\/\/portal.fgeo.gob.mx\/wp-content\/uploads\/2024\/06\/BOLET%C3%8DN-793-%E2%80%9CFiscal%C3%ADa-en-tu-Comunidad%E2%80%9D-lleva-servicios-de-procuraci%C3%B3n-de-justicia-a-la-ciudadan%C3%ADa-a-trav%C3%A9s-de-jornadas-de-proximidad-social-en-Oaxaca-2-300x200.jpeg\" alt=\"\" width=\"300\" height=\"200\" \/><\/p>\n<p>A\u00f1adi\u00f3 que, por ello, \u201cFiscal\u00eda en tu Comunidad\u201d brinda procesos formativos a elementos de las polic\u00edas municipales, los cuales les permiten tener herramientas que mejoran su desempe\u00f1o de acuerdo con sus facultades y obligaciones legales, pero que adem\u00e1s les capacitan en la atenci\u00f3n de protocolos para desempe\u00f1ar sus funciones con mayor eficacia.<\/p>\n<p>Rodr\u00edguez Alamillo detall\u00f3 que la prevenci\u00f3n del delito es una de las prioridades de la FGEO, por ello, para fomentar la cultura de la denuncia, no violencia e inhibir conductas delictivas se trabajan talleres formativos con ni\u00f1as, ni\u00f1os y adolescentes pues, este sector es clave para lograr un cambio social en materia de prevenci\u00f3n y erradicaci\u00f3n del delito.<\/p>\n<p><img loading=\"lazy\" decoding=\"async\" class=\"alignnone size-medium wp-image-6573\" src=\"https:\/\/portal.fgeo.gob.mx\/wp-content\/uploads\/2024\/06\/BOLET%C3%8DN-793-%E2%80%9CFiscal%C3%ADa-en-tu-Comunidad%E2%80%9D-lleva-servicios-de-procuraci%C3%B3n-de-justicia-a-la-ciudadan%C3%ADa-a-trav%C3%A9s-de-jornadas-de-proximidad-social-en-Oaxaca-3-300x200.jpeg\" alt=\"\" width=\"300\" height=\"200\" \/><img loading=\"lazy\" decoding=\"async\" class=\"alignnone size-medium wp-image-6574\" src=\"https:\/\/portal.fgeo.gob.mx\/wp-content\/uploads\/2024\/06\/BOLET%C3%8DN-793-%E2%80%9CFiscal%C3%ADa-en-tu-Comunidad%E2%80%9D-lleva-servicios-de-procuraci%C3%B3n-de-justicia-a-la-ciudadan%C3%ADa-a-trav%C3%A9s-de-jornadas-de-proximidad-social-en-Oaxaca7-300x200.jpeg\" alt=\"\" width=\"300\" height=\"200\" \/> <img loading=\"lazy\" decoding=\"async\" class=\"alignnone size-medium wp-image-6575\" src=\"https:\/\/portal.fgeo.gob.mx\/wp-content\/uploads\/2024\/06\/BOLET%C3%8DN-793-%E2%80%9CFiscal%C3%ADa-en-tu-Comunidad%E2%80%9D-lleva-servicios-de-procuraci%C3%B3n-de-justicia-a-la-ciudadan%C3%ADa-a-trav%C3%A9s-de-jornadas-de-proximidad-social-en-Oaxaca6-300x200.jpeg\" alt=\"\" width=\"300\" height=\"200\" \/><\/p>\n<p>Por su parte, la s\u00edndica municipal de San Agust\u00edn de las Juntas, Claudia Estela M\u00e9ndez S\u00e1nchez, reconoci\u00f3 la necesidad que tienen las autoridades municipales de recibir acompa\u00f1amiento en materia de procuraci\u00f3n de justicia, por ello, este tipo de programas fortalecen los cuerpos policiales de las comunidades, que se traduce en una respuesta de mejoramiento de servicios y atenci\u00f3n a las demandas de justicia de la comunidad.<\/p>\n<p>En esta jornada de \u201cFiscal\u00eda en tu Comunidad\u201d se brindaron procesos formativos en temas como Informe Policial Homologado y Primer Respondiente; Procesos de atenci\u00f3n del Centro de Justicia para Mujeres, entre otros temas relacionados con la seguridad p\u00fablica y la procuraci\u00f3n de justicia.<\/p>\n<p><img loading=\"lazy\" decoding=\"async\" class=\"alignnone size-medium wp-image-6576\" src=\"https:\/\/portal.fgeo.gob.mx\/wp-content\/uploads\/2024\/06\/BOLET%C3%8DN-793-%E2%80%9CFiscal%C3%ADa-en-tu-Comunidad%E2%80%9D-lleva-servicios-de-procuraci%C3%B3n-de-justicia-a-la-ciudadan%C3%ADa-a-trav%C3%A9s-de-jornadas-de-proximidad-social-en-Oaxaca8-300x200.jpeg\" alt=\"\" width=\"300\" height=\"200\" \/>\u00a0<img loading=\"lazy\" decoding=\"async\" class=\"alignnone size-medium wp-image-6578\" src=\"https:\/\/portal.fgeo.gob.mx\/wp-content\/uploads\/2024\/06\/BOLET%C3%8DN-793-%E2%80%9CFiscal%C3%ADa-en-tu-Comunidad%E2%80%9D-lleva-servicios-de-procuraci%C3%B3n-de-justicia-a-la-ciudadan%C3%ADa-a-trav%C3%A9s-de-jornadas-de-proximidad-social-en-Oaxaca5-300x200.jpeg\" alt=\"\" width=\"300\" height=\"200\" \/><\/p>\n<p>&nbsp;<\/p>\n","protected":false},"author":2,"featured_media":6566,"comment_status":"closed","ping_status":"closed","template":"","tags":[],"categoria_noticias":[],"class_list":["post-16163","noticias","type-noticias","status-publish","has-post-thumbnail","hentry"],"acf":[],"mb":[],"mfb_rest_fields":["title","gutenberg_elementor_mode"],"_links":{"self":[{"href":"https:\/\/portal.fgeo.gob.mx\/index.php\/wp-json\/wp\/v2\/noticias\/16163","targetHints":{"allow":["GET"]}}],"collection":[{"href":"https:\/\/portal.fgeo.gob.mx\/index.php\/wp-json\/wp\/v2\/noticias"}],"about":[{"href":"https:\/\/portal.fgeo.gob.mx\/index.php\/wp-json\/wp\/v2\/types\/noticias"}],"author":[{"embeddable":true,"href":"https:\/\/portal.fgeo.gob.mx\/index.php\/wp-json\/wp\/v2\/users\/2"}],"replies":[{"embeddable":true,"href":"https:\/\/portal.fgeo.gob.mx\/index.php\/wp-json\/wp\/v2\/comments?post=16163"}],"wp:featuredmedia":[{"embeddable":true,"href":"https:\/\/portal.fgeo.gob.mx\/index.php\/wp-json\/wp\/v2\/media\/6566"}],"wp:attachment":[{"href":"https:\/\/portal.fgeo.gob.mx\/index.php\/wp-json\/wp\/v2\/media?parent=16163"}],"wp:term":[{"taxonomy":"post_tag","embeddable":true,"href":"https:\/\/portal.fgeo.gob.mx\/index.php\/wp-json\/wp\/v2\/tags?post=16163"},{"taxonomy":"categoria_noticias","embeddable":true,"href":"https:\/\/portal.fgeo.gob.mx\/index.php\/wp-json\/wp\/v2\/categoria_noticias?post=16163"}],"curies":[{"name":"wp","href":"https:\/\/api.w.org\/{rel}","templated":true}]}}