{"id":16162,"date":"2024-06-13T15:00:41","date_gmt":"2024-06-13T21:00:41","guid":{"rendered":"https:\/\/fge.oaxaca.gob.mx\/?post_type=noticias&amp;p=6568"},"modified":"2024-06-13T15:00:41","modified_gmt":"2024-06-13T21:00:41","slug":"boletin-792-logra-fiscalia-de-oaxaca-vinculacion-a-proceso-por-violencia-familiar-en-la-region-de-la-mixteca","status":"publish","type":"noticias","link":"https:\/\/portal.fgeo.gob.mx\/index.php\/archivos\/noticias\/boletin-792-logra-fiscalia-de-oaxaca-vinculacion-a-proceso-por-violencia-familiar-en-la-region-de-la-mixteca","title":{"rendered":"Bolet\u00edn 792.- Logra Fiscal\u00eda de Oaxaca vinculaci\u00f3n a proceso por violencia familiar en la regi\u00f3n de la Mixteca"},"content":{"rendered":"<p>Oaxaca de Ju\u00e1rez, Oax. 13 de junio de 2024.- La Fiscal\u00eda General del Estado de Oaxaca (FGEO) obtuvo auto de vinculaci\u00f3n a proceso en contra de una persona del sexo masculino identificada como L.P.S., por el delito de violencia familiar ocurrida en la regi\u00f3n de la Mixteca.<\/p>\n<p>De acuerdo con lo asentado en el expediente penal del caso, el 6 de junio de 2024, la v\u00edctima -identificada como A.M.M.- fue agredida f\u00edsica y verbalmente mientras se encontraba en un domicilio particular ubicado en la Colonia Campo de Aviaci\u00f3n, en el municipio de Tlaxiaco.<\/p>\n<p>Tras recibir la denuncia por los hechos, la FGEO -a trav\u00e9s de la Vicefiscal\u00eda Regional de la Mixteca- inici\u00f3 las investigaciones correspondientes, gracias a las cuales se obtuvo una orden de aprehensi\u00f3n contra L.P.S., a la cual le dieron cumplimiento elementos de la Agencia Estatal de Investigaciones (AEI).<\/p>\n<p>En audiencia, el Juez de Control, despu\u00e9s de valorar las pruebas, dict\u00f3 auto de vinculaci\u00f3n a proceso contra el imputado por el delito de violencia familiar y otorg\u00f3 tres meses para el cierre de la investigaci\u00f3n complementaria, adem\u00e1s de dictar medidas de protecci\u00f3n a favor de la v\u00edctima.<\/p>\n<p>La Fiscal\u00eda General del Estado de Oaxaca en los casos de violencia contra mujeres implementa investigaciones integrales y con perspectiva de g\u00e9nero que permitan garantizar a las v\u00edctimas directas e indirectas un adecuado proceso de procuraci\u00f3n de justicia.<\/p>\n","protected":false},"author":2,"featured_media":6566,"comment_status":"closed","ping_status":"closed","template":"","tags":[],"categoria_noticias":[],"class_list":["post-16162","noticias","type-noticias","status-publish","has-post-thumbnail","hentry"],"acf":[],"mb":[],"mfb_rest_fields":["title","gutenberg_elementor_mode"],"_links":{"self":[{"href":"https:\/\/portal.fgeo.gob.mx\/index.php\/wp-json\/wp\/v2\/noticias\/16162","targetHints":{"allow":["GET"]}}],"collection":[{"href":"https:\/\/portal.fgeo.gob.mx\/index.php\/wp-json\/wp\/v2\/noticias"}],"about":[{"href":"https:\/\/portal.fgeo.gob.mx\/index.php\/wp-json\/wp\/v2\/types\/noticias"}],"author":[{"embeddable":true,"href":"https:\/\/portal.fgeo.gob.mx\/index.php\/wp-json\/wp\/v2\/users\/2"}],"replies":[{"embeddable":true,"href":"https:\/\/portal.fgeo.gob.mx\/index.php\/wp-json\/wp\/v2\/comments?post=16162"}],"wp:featuredmedia":[{"embeddable":true,"href":"https:\/\/portal.fgeo.gob.mx\/index.php\/wp-json\/wp\/v2\/media\/6566"}],"wp:attachment":[{"href":"https:\/\/portal.fgeo.gob.mx\/index.php\/wp-json\/wp\/v2\/media?parent=16162"}],"wp:term":[{"taxonomy":"post_tag","embeddable":true,"href":"https:\/\/portal.fgeo.gob.mx\/index.php\/wp-json\/wp\/v2\/tags?post=16162"},{"taxonomy":"categoria_noticias","embeddable":true,"href":"https:\/\/portal.fgeo.gob.mx\/index.php\/wp-json\/wp\/v2\/categoria_noticias?post=16162"}],"curies":[{"name":"wp","href":"https:\/\/api.w.org\/{rel}","templated":true}]}}