{"id":16155,"date":"2024-06-11T07:30:32","date_gmt":"2024-06-11T13:30:32","guid":{"rendered":"https:\/\/fge.oaxaca.gob.mx\/?post_type=noticias&amp;p=6535"},"modified":"2024-06-11T07:30:32","modified_gmt":"2024-06-11T13:30:32","slug":"boletin-784-logra-fgeo-dos-sentencias-que-suman-35-anos-de-prision-contra-responsable-de-violacion-de-dos-menores-de-edad-en-el-valle-de-etla","status":"publish","type":"noticias","link":"https:\/\/portal.fgeo.gob.mx\/index.php\/archivos\/noticias\/boletin-784-logra-fgeo-dos-sentencias-que-suman-35-anos-de-prision-contra-responsable-de-violacion-de-dos-menores-de-edad-en-el-valle-de-etla","title":{"rendered":"BOLET\u00cdN 784.- Logra FGEO dos sentencias que suman 35 a\u00f1os de prisi\u00f3n contra responsable de violaci\u00f3n de dos menores de edad, en el Valle de Etla"},"content":{"rendered":"<p>Oaxaca de Ju\u00e1rez, Oax. 11 de junio de 2024.- Como parte de la estrategia de combate a los delitos cometidos en contra de ni\u00f1as, ni\u00f1os, adolescentes, la Fiscal\u00eda General del Estado de Oaxaca (FGEO) obtuvo una segunda sentencia condenatoria en contra una persona del sexo masculino identificado como V.G.R.H., por el delito de violaci\u00f3n agravada, ambos casos en agravio de dos menores de edad, por lo que suman 35 a\u00f1os de prisi\u00f3n por los hechos ocurridos en la regi\u00f3n de los Valles Centrales.<\/p>\n<p>De acuerdo con la causa penal, uno de los casos ocurri\u00f3 en agosto de 2020, cuando el sentenciado agredi\u00f3 de manera sexual a una de sus v\u00edctimas (quien al ser menor edad, su identidad est\u00e1 reservada por ley) al interior de un domicilio localizado en la colonia centro del municipio de la Villa Etla.<\/p>\n<p>Una vez que la FGEO tom\u00f3 conocimiento de los hechos, inici\u00f3 las investigaciones correspondientes a trav\u00e9s de la Unidad de g\u00e9nero de la Vicefsical\u00eda Regional de Valles Centrales y, derivado de los resultados de las indagatorias, se obtuvo la orden de aprehensi\u00f3n en contra de V.G.R.H., quien fue sentenciado a 21 a\u00f1os de prisi\u00f3n por este caso.<\/p>\n<p>Por la primera agresi\u00f3n sexual por la cual recibi\u00f3 sentencia V. G. R. H., fue detenido en 2022, en la ciudad de M\u00e9xico, gracias a las investigaciones y trabajos de inteligencia de la Fiscal\u00eda General del Estado de Oaxaca y posteriormente trasladado a la ciudad de Oaxaca.<\/p>\n<p>En audiencia, el Tribunal de Enjuiciamiento dict\u00f3 fallo condenatorio en contra de V.G.R.H., a quien \u00a0le impuso una pena de 14 a\u00f1os, por lo que, al acumularse con la segunda sentencia, el responsable de Violaci\u00f3n Agravada pasar\u00e1 35 a\u00f1os en prisi\u00f3n, adem\u00e1s que el Juez de la causa determin\u00f3 el pago por la reparaci\u00f3n del da\u00f1o a las v\u00edctimas.<\/p>\n<p>La Fiscal\u00eda General del Estado de Oaxaca tiene entre sus prioridades investigar en forma integral y con perspectiva de g\u00e9nero e infancia los casos de delitos sexuales en contra de ni\u00f1as, ni\u00f1os y adolescente, pues, la instituci\u00f3n est\u00e1 comprometida con garantizar el acceso a procesos de procuraci\u00f3n de justicia adecuados.<\/p>\n<p>&nbsp;<\/p>\n","protected":false},"author":2,"featured_media":6352,"comment_status":"closed","ping_status":"closed","template":"","tags":[],"categoria_noticias":[],"class_list":["post-16155","noticias","type-noticias","status-publish","has-post-thumbnail","hentry"],"acf":[],"mb":[],"mfb_rest_fields":["title","gutenberg_elementor_mode"],"_links":{"self":[{"href":"https:\/\/portal.fgeo.gob.mx\/index.php\/wp-json\/wp\/v2\/noticias\/16155","targetHints":{"allow":["GET"]}}],"collection":[{"href":"https:\/\/portal.fgeo.gob.mx\/index.php\/wp-json\/wp\/v2\/noticias"}],"about":[{"href":"https:\/\/portal.fgeo.gob.mx\/index.php\/wp-json\/wp\/v2\/types\/noticias"}],"author":[{"embeddable":true,"href":"https:\/\/portal.fgeo.gob.mx\/index.php\/wp-json\/wp\/v2\/users\/2"}],"replies":[{"embeddable":true,"href":"https:\/\/portal.fgeo.gob.mx\/index.php\/wp-json\/wp\/v2\/comments?post=16155"}],"wp:featuredmedia":[{"embeddable":true,"href":"https:\/\/portal.fgeo.gob.mx\/index.php\/wp-json\/"}],"wp:attachment":[{"href":"https:\/\/portal.fgeo.gob.mx\/index.php\/wp-json\/wp\/v2\/media?parent=16155"}],"wp:term":[{"taxonomy":"post_tag","embeddable":true,"href":"https:\/\/portal.fgeo.gob.mx\/index.php\/wp-json\/wp\/v2\/tags?post=16155"},{"taxonomy":"categoria_noticias","embeddable":true,"href":"https:\/\/portal.fgeo.gob.mx\/index.php\/wp-json\/wp\/v2\/categoria_noticias?post=16155"}],"curies":[{"name":"wp","href":"https:\/\/api.w.org\/{rel}","templated":true}]}}