{"id":16152,"date":"2024-06-07T14:22:44","date_gmt":"2024-06-07T20:22:44","guid":{"rendered":"https:\/\/fge.oaxaca.gob.mx\/?post_type=noticias&amp;p=6507"},"modified":"2024-06-07T14:22:44","modified_gmt":"2024-06-07T20:22:44","slug":"boletin-781-fgeo-obtuvo-vinculacion-a-proceso-por-el-delito-de-lesiones-en-la-costa","status":"publish","type":"noticias","link":"https:\/\/portal.fgeo.gob.mx\/index.php\/archivos\/noticias\/boletin-781-fgeo-obtuvo-vinculacion-a-proceso-por-el-delito-de-lesiones-en-la-costa","title":{"rendered":"BOLET\u00cdN 781.- FGEO obtuvo vinculaci\u00f3n a proceso por el delito de lesiones en la Costa"},"content":{"rendered":"<p>Oaxaca de Ju\u00e1rez, Oax. 07 de junio de 2024.- La Fiscal\u00eda General del Estado de Oaxaca (FGEO) obtuvo una vinculaci\u00f3n a proceso en contra de una persona del sexo femenino identificada como L.N.B.S., por el delito de lesiones, hechos ocurridos en la regi\u00f3n de la Costa.<\/p>\n<p>De acuerdo con el expediente penal, los hechos ocurrieron el 16 de abril de 2024, cuando la v\u00edctima identificada como S.L.H.G. fue agredida en forma f\u00edsica con un objeto (tel\u00e9fono), sufriendo lesiones en la cara, lo cual sucedi\u00f3 mientras se encontraba en calles del fraccionamiento \u201cLa Parota\u201d en Puerto Escondido.<\/p>\n<p>Tras la denuncia presentada por este hecho, la Fiscal\u00eda de Oaxaca inici\u00f3 la investigaci\u00f3n correspondiente a trav\u00e9s de la Vicefiscal\u00eda Regional de la Costa logrando identificar y aprehender a la presunta agresora, misma que fue puesta a disposici\u00f3n de la autoridad correspondiente.<\/p>\n<p>En audiencia y tras validar los datos de prueba proporcionados por la FGEO, el Juez de la Causa determin\u00f3 vincular a proceso a la imputada L.N.B.S. por el delito de lesiones, adem\u00e1s de imponer la medida cautelar de prisi\u00f3n preventiva y otorgar dos meses para el cierre de la investigaci\u00f3n.<\/p>\n<p>&nbsp;<\/p>\n","protected":false},"author":2,"featured_media":6352,"comment_status":"closed","ping_status":"closed","template":"","tags":[],"categoria_noticias":[],"class_list":["post-16152","noticias","type-noticias","status-publish","has-post-thumbnail","hentry"],"acf":[],"mb":[],"mfb_rest_fields":["title","gutenberg_elementor_mode"],"_links":{"self":[{"href":"https:\/\/portal.fgeo.gob.mx\/index.php\/wp-json\/wp\/v2\/noticias\/16152","targetHints":{"allow":["GET"]}}],"collection":[{"href":"https:\/\/portal.fgeo.gob.mx\/index.php\/wp-json\/wp\/v2\/noticias"}],"about":[{"href":"https:\/\/portal.fgeo.gob.mx\/index.php\/wp-json\/wp\/v2\/types\/noticias"}],"author":[{"embeddable":true,"href":"https:\/\/portal.fgeo.gob.mx\/index.php\/wp-json\/wp\/v2\/users\/2"}],"replies":[{"embeddable":true,"href":"https:\/\/portal.fgeo.gob.mx\/index.php\/wp-json\/wp\/v2\/comments?post=16152"}],"wp:featuredmedia":[{"embeddable":true,"href":"https:\/\/portal.fgeo.gob.mx\/index.php\/wp-json\/"}],"wp:attachment":[{"href":"https:\/\/portal.fgeo.gob.mx\/index.php\/wp-json\/wp\/v2\/media?parent=16152"}],"wp:term":[{"taxonomy":"post_tag","embeddable":true,"href":"https:\/\/portal.fgeo.gob.mx\/index.php\/wp-json\/wp\/v2\/tags?post=16152"},{"taxonomy":"categoria_noticias","embeddable":true,"href":"https:\/\/portal.fgeo.gob.mx\/index.php\/wp-json\/wp\/v2\/categoria_noticias?post=16152"}],"curies":[{"name":"wp","href":"https:\/\/api.w.org\/{rel}","templated":true}]}}