{"id":16151,"date":"2024-06-07T10:42:36","date_gmt":"2024-06-07T16:42:36","guid":{"rendered":"https:\/\/fge.oaxaca.gob.mx\/?post_type=noticias&amp;p=6506"},"modified":"2024-06-07T10:42:36","modified_gmt":"2024-06-07T16:42:36","slug":"boletin-780-fiscalia-de-oaxaca-logra-prision-y-vinculacion-a-proceso-contra-imputado-por-desaparicion-de-funcionario-municipal-de-loma-bonita-en-la-region-de-la-cuenca","status":"publish","type":"noticias","link":"https:\/\/portal.fgeo.gob.mx\/index.php\/archivos\/noticias\/boletin-780-fiscalia-de-oaxaca-logra-prision-y-vinculacion-a-proceso-contra-imputado-por-desaparicion-de-funcionario-municipal-de-loma-bonita-en-la-region-de-la-cuenca","title":{"rendered":"BOLET\u00cdN 780.- Fiscal\u00eda de Oaxaca logra prisi\u00f3n y vinculaci\u00f3n a proceso contra imputado por desaparici\u00f3n de funcionario municipal de Loma Bonita, en la regi\u00f3n de la Cuenca"},"content":{"rendered":"<p>Oaxaca de Ju\u00e1rez, Oax. 07 de junio de 2024.- La Fiscal\u00eda General del Estado de Oaxaca (FGEO) obtuvo auto de vinculaci\u00f3n a proceso y prisi\u00f3n preventiva en contra de una persona del sexo masculino identificada como J.C.P., por el delito de desaparici\u00f3n de una persona cometido por particulares, hechos suscitados en la regi\u00f3n de la Cuenca.<\/p>\n<p>De acuerdo con la causa penal del caso, los hechos ocurrieron el 28 de junio del 2023, cuando la v\u00edctima identificada como V.A.M.T. (quien se desempe\u00f1aba como s\u00edndico municipal de Loma Bonita) acudi\u00f3 a un taller ubicado sobre el bulevar 16 de Septiembre de ese mismo municipio, sin embargo, al salir fue interceptado por una persona del sexo masculino con quien dialog\u00f3 y se fue caminando aparentemente de manera voluntaria.<\/p>\n<p>El expediente a\u00f1ade que un d\u00eda despu\u00e9s de los hechos, la v\u00edctima pudo comunicarse con su pareja v\u00eda telef\u00f3nica para pedirle que abandonara el departamento donde viv\u00edan porque unas personas se dirig\u00edan para all\u00e1, desde esa fecha perdieron contacto con la v\u00edctima.<\/p>\n<p>Una vez que la FGEO tom\u00f3 conocimiento del caso, inici\u00f3 las investigaciones correspondientes logrando que un Juez de Control concediera la orden de aprehensi\u00f3n en contra del imputado la cual fue ejecutada por elementos de la Agencia Estatal de Investigaciones (AEI) pertenecientes a la Unidad Especializada en el Combate al Secuestro (UECS).<\/p>\n<p>Gracias a los datos de prueba aportados por la Fiscal\u00eda de Oaxaca, el Juez en turno determin\u00f3 vincular a proceso a J.C.P.H., por el delito de desaparici\u00f3n de persona cometido por particulares, adem\u00e1s de imponer la medida cautelar de prisi\u00f3n preventiva oficiosa, acogi\u00e9ndose la defensa y el imputado a la ampliaci\u00f3n del t\u00e9rmino constitucional.<\/p>\n<p>La Fiscal\u00eda General garantiza investigaciones exhaustivas para esclarecer los delitos de alto impacto, aplicando todo el rigor de la Ley a quien o quienes resulten responsables.<\/p>\n<p>&nbsp;<\/p>\n","protected":false},"author":2,"featured_media":6352,"comment_status":"closed","ping_status":"closed","template":"","tags":[],"categoria_noticias":[],"class_list":["post-16151","noticias","type-noticias","status-publish","has-post-thumbnail","hentry"],"acf":[],"mb":[],"mfb_rest_fields":["title","gutenberg_elementor_mode"],"_links":{"self":[{"href":"https:\/\/portal.fgeo.gob.mx\/index.php\/wp-json\/wp\/v2\/noticias\/16151","targetHints":{"allow":["GET"]}}],"collection":[{"href":"https:\/\/portal.fgeo.gob.mx\/index.php\/wp-json\/wp\/v2\/noticias"}],"about":[{"href":"https:\/\/portal.fgeo.gob.mx\/index.php\/wp-json\/wp\/v2\/types\/noticias"}],"author":[{"embeddable":true,"href":"https:\/\/portal.fgeo.gob.mx\/index.php\/wp-json\/wp\/v2\/users\/2"}],"replies":[{"embeddable":true,"href":"https:\/\/portal.fgeo.gob.mx\/index.php\/wp-json\/wp\/v2\/comments?post=16151"}],"wp:featuredmedia":[{"embeddable":true,"href":"https:\/\/portal.fgeo.gob.mx\/index.php\/wp-json\/"}],"wp:attachment":[{"href":"https:\/\/portal.fgeo.gob.mx\/index.php\/wp-json\/wp\/v2\/media?parent=16151"}],"wp:term":[{"taxonomy":"post_tag","embeddable":true,"href":"https:\/\/portal.fgeo.gob.mx\/index.php\/wp-json\/wp\/v2\/tags?post=16151"},{"taxonomy":"categoria_noticias","embeddable":true,"href":"https:\/\/portal.fgeo.gob.mx\/index.php\/wp-json\/wp\/v2\/categoria_noticias?post=16151"}],"curies":[{"name":"wp","href":"https:\/\/api.w.org\/{rel}","templated":true}]}}