{"id":16150,"date":"2024-06-06T15:33:16","date_gmt":"2024-06-06T21:33:16","guid":{"rendered":"https:\/\/fge.oaxaca.gob.mx\/?post_type=noticias&amp;p=6505"},"modified":"2024-06-06T15:33:16","modified_gmt":"2024-06-06T21:33:16","slug":"boletin-779-obtiene-fiscalia-de-oaxaca-vinculacion-a-proceso-y-prision-contra-imputado-por-violencia-familiar-cometida-en-la-region-de-la-costa","status":"publish","type":"noticias","link":"https:\/\/portal.fgeo.gob.mx\/index.php\/archivos\/noticias\/boletin-779-obtiene-fiscalia-de-oaxaca-vinculacion-a-proceso-y-prision-contra-imputado-por-violencia-familiar-cometida-en-la-region-de-la-costa","title":{"rendered":"BOLET\u00cdN 779.- Obtiene Fiscal\u00eda de Oaxaca vinculaci\u00f3n a proceso y prisi\u00f3n contra imputado por violencia familiar cometida en la regi\u00f3n de la Costa"},"content":{"rendered":"<p>Oaxaca de Ju\u00e1rez, Oax. 06 de junio de 2024.- La Fiscal\u00eda General del Estado de Oaxaca (FGEO) obtuvo vinculaci\u00f3n a proceso y prisi\u00f3n preventiva en contra una persona del sexo masculino identificada como J.R.M., por el delito de violencia familiar ocurrida en la regi\u00f3n de la Costa.<\/p>\n<p>De acuerdo con lo asentado en el expediente penal del caso, la v\u00edctima con iniciales J.P.R., sufr\u00eda violencia familiar, principalmente en su domicilio ubicado en la localidad de la Lagunilla del municipio de San Jos\u00e9 Chacalapa, en el distrito de San Pedro Pochutla.<\/p>\n<p>Tras recibir la denuncia por los hechos, la FGEO -a trav\u00e9s de la Vicefiscal\u00eda Regional de la Costa- inici\u00f3 las investigaciones correspondientes, gracias a las cuales se obtuvo una orden de aprehensi\u00f3n contra J.R.M., a la cual le dieron cumplimiento elementos de la Agencia Estatal de Investigaciones (AEI).<\/p>\n<p>Una vez presentado ante el Ministerio P\u00fablico y tras aportar las pruebas ministeriales, el Juez que atiende la causa dict\u00f3 auto de vinculaci\u00f3n a proceso en contra del imputado por el delito de violencia familiar e impuso la medida cautelar de prisi\u00f3n preventiva.<\/p>\n<p>La Fiscal\u00eda General de Oaxaca refrenda su compromiso de seguir trabajando para dar resultados inmediatos y no dejar en la impunidad hechos que vulneren o atenten contra la integridad de las v\u00edctimas.<\/p>\n","protected":false},"author":2,"featured_media":6352,"comment_status":"closed","ping_status":"closed","template":"","tags":[],"categoria_noticias":[],"class_list":["post-16150","noticias","type-noticias","status-publish","has-post-thumbnail","hentry"],"acf":[],"mb":[],"mfb_rest_fields":["title","gutenberg_elementor_mode"],"_links":{"self":[{"href":"https:\/\/portal.fgeo.gob.mx\/index.php\/wp-json\/wp\/v2\/noticias\/16150","targetHints":{"allow":["GET"]}}],"collection":[{"href":"https:\/\/portal.fgeo.gob.mx\/index.php\/wp-json\/wp\/v2\/noticias"}],"about":[{"href":"https:\/\/portal.fgeo.gob.mx\/index.php\/wp-json\/wp\/v2\/types\/noticias"}],"author":[{"embeddable":true,"href":"https:\/\/portal.fgeo.gob.mx\/index.php\/wp-json\/wp\/v2\/users\/2"}],"replies":[{"embeddable":true,"href":"https:\/\/portal.fgeo.gob.mx\/index.php\/wp-json\/wp\/v2\/comments?post=16150"}],"wp:featuredmedia":[{"embeddable":true,"href":"https:\/\/portal.fgeo.gob.mx\/index.php\/wp-json\/"}],"wp:attachment":[{"href":"https:\/\/portal.fgeo.gob.mx\/index.php\/wp-json\/wp\/v2\/media?parent=16150"}],"wp:term":[{"taxonomy":"post_tag","embeddable":true,"href":"https:\/\/portal.fgeo.gob.mx\/index.php\/wp-json\/wp\/v2\/tags?post=16150"},{"taxonomy":"categoria_noticias","embeddable":true,"href":"https:\/\/portal.fgeo.gob.mx\/index.php\/wp-json\/wp\/v2\/categoria_noticias?post=16150"}],"curies":[{"name":"wp","href":"https:\/\/api.w.org\/{rel}","templated":true}]}}